{"id":115073,"date":"2021-04-16T14:02:16","date_gmt":"2021-04-16T18:02:16","guid":{"rendered":"https:\/\/linitiative.ca\/International\/la-sonamines-tient-son-top-management\/"},"modified":"2021-04-16T14:02:16","modified_gmt":"2021-04-16T18:02:16","slug":"la-sonamines-tient-son-top-management","status":"publish","type":"post","link":"https:\/\/linitiative.ca\/International\/la-sonamines-tient-son-top-management\/","title":{"rendered":"La Sonamines tient son top management"},"content":{"rendered":"<div class=\"featured-area featured-area-inner\">\n<figure class=\"single-featured-image\">\n<p><img loading=\"lazy\" decoding=\"async\" width=\"780\" height=\"470\" src=\"https:\/\/ecomatin.net\/wp-content\/uploads\/2021\/04\/DG-et-PCA-780x470.png\" class=\"attachment-jannah-image-post size-jannah-image-post wp-post-image\" alt=\"\" is_main_img=\"1\"\/><\/p><figcaption class=\"single-caption-text\">Blaise Moussa PCA et Serge Herv\u00e9 Boyogueno<\/figcaption><\/figure>\n<\/div>\n<div class=\"entry-content entry clearfix\" readability=\"59.215479331574\">\n<p>Cr\u00e9\u00e9 depuis le 14 d\u00e9cembre 2020 la Soci\u00e9t\u00e9 nationale des mines (Sonamines), vient de se voir attribuer sa toute premi\u00e8re \u00e9quipe manag\u00e9riale. Ag\u00e9 de 39 ans, originaire de la r\u00e9gion du Centre, Serge Herve Boyegueno occupera le poste de Directeur g\u00e9n\u00e9ral de la Sonamines. Il compte \u00e0 la t\u00eate de cette structure mettre en avant sa jeunesse et son exp\u00e9rience pour ex\u00e9cuter la t\u00e2che qui vient de lui \u00eatre confier\u00a0: \u00ab\u00a0la t\u00e2che est immense mais nous pouvons promettre que nous ne dormirons pas sans relever le moindre d\u00e9fis qui nous interpelle. La priorit\u00e9 de nos activit\u00e9s apr\u00e8s la structuration de la soci\u00e9t\u00e9 est de s\u00e9curiser notre production nationale d\u2019or\u00a0\u00bb, a-t-il confi\u00e9\u00a0\u00a0la Crtv. Ce dernier qui n\u2019est pas inconnu du secteur des mines, a occup\u00e9 entre autres fonctions avant sa nomination, celle de Directeur des mines au minist\u00e8re des Mines, de l\u2019industrie\u00a0\u00a0et du d\u00e9veloppement technologique (Minmidt),\u00a0\u00a0administrateur de la Soci\u00e9t\u00e9 national des hydrocarbures (SNH), apr\u00e8s avoir \u00e9t\u00e9 sous-directeur du cadastre minier.\u00a0\u00a0<\/p>\n<p><strong>Lire aussi<\/strong> : <strong><a href=\"https:\/\/ecomatin.net\/les-membres-de-lassemblee-generale-et-du-conseill-dadministration-de-la-sonamines-sont-connus\/\">Les membres de l\u2019assembl\u00e9e g\u00e9n\u00e9rale et du conseil d\u2019administration de la Sonamines sont connus<\/a><\/strong><\/p>\n<p>Il sera second\u00e9 dans cette fonction\u00a0\u00a0par Fruh Jonathan, natif du Nord-Ouest. Son parcours professionnel renseigne qu\u2019il a occup\u00e9 les postes de secr\u00e9taire g\u00e9n\u00e9ral au Minmidt. Pour compl\u00e9ter ce duo Blaise Moussa, pr\u00e9sidera aux destin\u00e9es du Conseil d\u2019administration de la soci\u00e9t\u00e9. Issu de la r\u00e9gion de l\u2019Est, il faisait d\u00e9j\u00e0 partie des 11 membres du conseil d\u2019administration nomm\u00e9s par le pr\u00e9sident de la R\u00e9publique le 14 avril 2021. Rappelons que la nomination de cette \u00e9quipe manag\u00e9riale intervient \u00e0 la suite du d\u00e9cret pr\u00e9sidentiel qui d\u00e9signait les membres de l\u2019assembl\u00e9e g\u00e9n\u00e9rale et ceux du conseil d\u2019administration de la Sonamines.<\/p>\n<p><strong>Lire aussi<\/strong> : <strong><a href=\"https:\/\/ecomatin.net\/la-sonamines-sera-le-gendarme-de-letat-aupres-des-operateurs-miniers\/\">Enjeux autour de la Sonamines: les explications du Ministre des mines<\/a><\/strong><\/p>\n<p>Avec tous ses organes administratifs et de gestion ainsi \u00e9tablit, la Sonamines devrait alors mener \u00e0 bien la mission qui lui ait confi\u00e9 \u00e0 savoir d\u00e9velopper et promouvoir le secteur minier au Cameroun \u00e0 l\u2019exception des hydrocarbures et des substances des carri\u00e8res, et de g\u00e9rer les int\u00e9r\u00eats de l\u2019Etat dans ce domaine.<\/p>\n<\/div>\n<p>Auteur: Cindy MBALA<br \/>\n<a href=\"https:\/\/ecomatin.net\/la-sonamines-tient-son-top-managementt\/\">Cliquez ici pour lire l&rsquo;article depuis sa source.<\/a><\/p>\n","protected":false},"excerpt":{"rendered":"<p>Blaise Moussa PCA et Serge Herv\u00e9 Boyogueno Cr\u00e9\u00e9 depuis le 14 d\u00e9cembre 2020 la Soci\u00e9t\u00e9 nationale des mines (Sonamines), vient de se voir attribuer sa toute premi\u00e8re \u00e9quipe manag\u00e9riale. Ag\u00e9 de 39 ans, originaire de la r\u00e9gion du Centre, Serge Herve Boyegueno occupera le poste de Directeur g\u00e9n\u00e9ral de la Sonamines. Il compte \u00e0 la [&hellip;]<\/p>\n","protected":false},"author":1969,"featured_media":0,"comment_status":"closed","ping_status":"closed","sticky":false,"template":"","format":"standard","meta":{"fifu_image_url":"https:\/\/ecomatin.net\/wp-content\/uploads\/2021\/04\/DG-et-PCA-780x470.png","fifu_image_alt":"La Sonamines tient son top management","footnotes":""},"categories":[82,78],"tags":[],"class_list":["post-115073","post","type-post","status-publish","format-standard","hentry","category-cameroun","category-economie"],"_links":{"self":[{"href":"https:\/\/linitiative.ca\/International\/wp-json\/wp\/v2\/posts\/115073","targetHints":{"allow":["GET"]}}],"collection":[{"href":"https:\/\/linitiative.ca\/International\/wp-json\/wp\/v2\/posts"}],"about":[{"href":"https:\/\/linitiative.ca\/International\/wp-json\/wp\/v2\/types\/post"}],"author":[{"embeddable":true,"href":"https:\/\/linitiative.ca\/International\/wp-json\/wp\/v2\/users\/1969"}],"replies":[{"embeddable":true,"href":"https:\/\/linitiative.ca\/International\/wp-json\/wp\/v2\/comments?post=115073"}],"version-history":[{"count":0,"href":"https:\/\/linitiative.ca\/International\/wp-json\/wp\/v2\/posts\/115073\/revisions"}],"wp:attachment":[{"href":"https:\/\/linitiative.ca\/International\/wp-json\/wp\/v2\/media?parent=115073"}],"wp:term":[{"taxonomy":"category","embeddable":true,"href":"https:\/\/linitiative.ca\/International\/wp-json\/wp\/v2\/categories?post=115073"},{"taxonomy":"post_tag","embeddable":true,"href":"https:\/\/linitiative.ca\/International\/wp-json\/wp\/v2\/tags?post=115073"}],"curies":[{"name":"wp","href":"https:\/\/api.w.org\/{rel}","templated":true}]}}