{"id":115075,"date":"2021-04-17T06:23:03","date_gmt":"2021-04-17T10:23:03","guid":{"rendered":"https:\/\/linitiative.ca\/International\/don-royal-arrivee-a-beyrouth-du-premier-lot-des-aides-alimentaires-pour-le-liban\/"},"modified":"2021-04-17T06:23:03","modified_gmt":"2021-04-17T10:23:03","slug":"don-royal-arrivee-a-beyrouth-du-premier-lot-des-aides-alimentaires-pour-le-liban","status":"publish","type":"post","link":"https:\/\/linitiative.ca\/International\/don-royal-arrivee-a-beyrouth-du-premier-lot-des-aides-alimentaires-pour-le-liban\/","title":{"rendered":"Don Royal: Arriv\u00e9e \u00e0 Beyrouth du premier lot des aides alimentaires pour le Liban"},"content":{"rendered":"<header>\n<\/header>\n<div class=\"entry-content clearfix\" readability=\"56\">\n<figure class=\"post-thumbnail\" itemprop=\"associatedMedia\" itemscope=\"itemscope\" itemtype=\"http:\/\/schema.org\/ImageObject\"><img decoding=\"async\" class=\"post_layout_5_img\" src=\"http:\/\/aujourdhui.ma\/wp-content\/uploads\/2021\/04\/aides-alimentaires.jpg\" alt=\"Don Royal: Arriv\u00e9e \u00e0 Beyrouth du premier lot des aides alimentaires pour le Liban\"\/><\/figure>\n<p><span class=\"c7\"><strong>Le premier lot des aides alimentaires destin\u00e9es, Sur Hautes instructions de SM le Roi Mohammed VI, Chef supr\u00eame et Chef d\u2019Etat-Major g\u00e9n\u00e9ral des Forces arm\u00e9es royales (FAR), aux forces arm\u00e9es et au peuple libanais, est arriv\u00e9 samedi matin \u00e0 bord de deux avions militaires marocains ayant atterri \u00e0 l\u2019a\u00e9roport militaire de Beyrouth.<\/strong><\/span><br \/><span id=\"more-374107\"\/><\/p>\n<p>Ces aides ont \u00e9t\u00e9 remises en pr\u00e9sence de l\u2019ambassadeur du Maroc au Liban, M.M\u2019hammed Grine, des membres de l\u2019ambassade et d\u2019un repr\u00e9sentant du commandant de l\u2019arm\u00e9e libanaise.<br \/>L\u2019acheminement des aides alimentaires se poursuivra dimanche. Au total, 90 tonnes de produits alimentaires de base seront achemin\u00e9es \u00e0 bord de huit (8) avions militaires.<\/p>\n<p>Sa Majest\u00e9 le Roi Mohammed VI, Chef supr\u00eame et Chef d\u2019Etat-Major g\u00e9n\u00e9ral des Forces arm\u00e9es royales (FAR), avait bien voulu donner Sa haute approbation pour faire un don royal personnel sous forme d\u2019aides alimentaires au profit des forces arm\u00e9es libanaises et du peuple libanais fr\u00e8re.<br \/>Cette d\u00e9cision Royale intervient en r\u00e9ponse \u00e0 une demande formul\u00e9e par la partie libanaise, et dans le cadre de la solidarit\u00e9 avec ce pays fr\u00e8re, afin de lui permettre de faire face aux d\u00e9fis \u00e9conomiques et aux r\u00e9percussions de la pand\u00e9mie de Covid-19.<\/p>\n<\/div>\n<p>Auteur: ALM<br \/>\n<a href=\"https:\/\/aujourdhui.ma\/actualite\/don-royal-arrivee-a-beyrouth-du-premier-lot-des-aides-alimentaires-pour-le-liban\">Cliquez ici pour lire l&rsquo;article depuis sa source.<\/a><\/p>\n","protected":false},"excerpt":{"rendered":"<p>Le premier lot des aides alimentaires destin\u00e9es, Sur Hautes instructions de SM le Roi Mohammed VI, Chef supr\u00eame et Chef d\u2019Etat-Major g\u00e9n\u00e9ral des Forces arm\u00e9es royales (FAR), aux forces arm\u00e9es et au peuple libanais, est arriv\u00e9 samedi matin \u00e0 bord de deux avions militaires marocains ayant atterri \u00e0 l\u2019a\u00e9roport militaire de Beyrouth. Ces aides ont [&hellip;]<\/p>\n","protected":false},"author":1759,"featured_media":0,"comment_status":"closed","ping_status":"closed","sticky":false,"template":"","format":"standard","meta":{"fifu_image_url":"http:\/\/aujourdhui.ma\/wp-content\/uploads\/2021\/04\/aides-alimentaires.jpg","fifu_image_alt":"Don Royal: Arriv\u00e9e \u00e0 Beyrouth du premier lot des aides alimentaires pour le Liban","footnotes":""},"categories":[73,54],"tags":[],"class_list":["post-115075","post","type-post","status-publish","format-standard","hentry","category-actualite","category-maroc"],"_links":{"self":[{"href":"https:\/\/linitiative.ca\/International\/wp-json\/wp\/v2\/posts\/115075","targetHints":{"allow":["GET"]}}],"collection":[{"href":"https:\/\/linitiative.ca\/International\/wp-json\/wp\/v2\/posts"}],"about":[{"href":"https:\/\/linitiative.ca\/International\/wp-json\/wp\/v2\/types\/post"}],"author":[{"embeddable":true,"href":"https:\/\/linitiative.ca\/International\/wp-json\/wp\/v2\/users\/1759"}],"replies":[{"embeddable":true,"href":"https:\/\/linitiative.ca\/International\/wp-json\/wp\/v2\/comments?post=115075"}],"version-history":[{"count":0,"href":"https:\/\/linitiative.ca\/International\/wp-json\/wp\/v2\/posts\/115075\/revisions"}],"wp:attachment":[{"href":"https:\/\/linitiative.ca\/International\/wp-json\/wp\/v2\/media?parent=115075"}],"wp:term":[{"taxonomy":"category","embeddable":true,"href":"https:\/\/linitiative.ca\/International\/wp-json\/wp\/v2\/categories?post=115075"},{"taxonomy":"post_tag","embeddable":true,"href":"https:\/\/linitiative.ca\/International\/wp-json\/wp\/v2\/tags?post=115075"}],"curies":[{"name":"wp","href":"https:\/\/api.w.org\/{rel}","templated":true}]}}