{"id":115080,"date":"2021-04-17T09:26:00","date_gmt":"2021-04-17T13:26:00","guid":{"rendered":"https:\/\/linitiative.ca\/International\/protection-civile-des-sit-in-a-travers-le-pays-a-partir-de-dimanche\/"},"modified":"2021-04-17T09:26:00","modified_gmt":"2021-04-17T13:26:00","slug":"protection-civile-des-sit-in-a-travers-le-pays-a-partir-de-dimanche","status":"publish","type":"post","link":"https:\/\/linitiative.ca\/International\/protection-civile-des-sit-in-a-travers-le-pays-a-partir-de-dimanche\/","title":{"rendered":"Protection civile : des sit-in \u00e0 travers le pays \u00e0 partir de dimanche"},"content":{"rendered":"<div id=\"originalText\" readability=\"58\">\n<p>Les agents de la protection civile ont annonc\u00e9, ce samedi, des actions de protestation devant les unit\u00e9s principales \u00e0 travers le pays, \u00e0 compter de dimanche 18 avril, en raison de la \u00ab\u00a0non satisfaction\u00a0\u00bb de leurs dol\u00e9ances, notamment l\u2019 \u00ab\u00a0octroi de la prime de contagion\u00a0\u00bb, \u00e9tant donn\u00e9 \u00ab\u00a0les \u00a0dangers et les diverses maladies infectieuses\u00a0\u00bb auxquels ils sont quotidiennement expos\u00e9s lors de leurs interventions.<\/p>\n<p>Dans un communiqu\u00e9 rendu public, ce matin, les agents de la protection civile, qui rappellent les conditions et le \u00ab\u00a0climat tendu\u00a0\u00bb dans lesquels ils travaillent, exigent \u00e9galement \u00ab le versement de la prime Covid-19 promise par le pr\u00e9sident de la R\u00e9publique \u00bb, l\u2019\u00ab ajustement des heures de travail suppl\u00e9mentaires \u00bb,\u00a0 ainsi que \u00ab la mise en place d\u2019un syst\u00e8me de promotion en passant par le concours professionnel, tel que d\u00e9fini dans les statuts\u00bb.<\/p>\n<p>Enfin, les r\u00e9dacteurs du communiqu\u00e9 pr\u00e9cisent que les brigades en service assureront le fonctionnement normal du travail, lors des journ\u00e9es de protestation. \u00a0\u00a0<\/p>\n<p class=\"c6\"><strong>R\u00e9daction Web<\/strong><\/p>\n<\/div>\n<div id=\"text_core\" readability=\"58\">\n<p>Les agents de la protection civile ont annonc\u00e9, ce samedi, des actions de protestation devant les unit\u00e9s principales \u00e0 travers le pays, \u00e0 compter de dimanche 18 avril, en raison de la \u00ab\u00a0non satisfaction\u00a0\u00bb de leurs dol\u00e9ances, notamment l\u2019 \u00ab\u00a0octroi de la prime de contagion\u00a0\u00bb, \u00e9tant donn\u00e9 \u00ab\u00a0les \u00a0dangers et les diverses maladies infectieuses\u00a0\u00bb auxquels ils sont quotidiennement expos\u00e9s lors de leurs interventions.<\/p>\n<p>Dans un communiqu\u00e9 rendu public, ce matin, les agents de la protection civile, qui rappellent les conditions et le \u00ab\u00a0climat tendu\u00a0\u00bb dans lesquels ils travaillent, exigent \u00e9galement \u00ab le versement de la prime Covid-19 promise par le pr\u00e9sident de la R\u00e9publique \u00bb, l\u2019\u00ab ajustement des heures de travail suppl\u00e9mentaires \u00bb,\u00a0 ainsi que \u00ab la mise en place d\u2019un syst\u00e8me de promotion en passant par le concours professionnel, tel que d\u00e9fini dans les statuts\u00bb.<\/p>\n<p>Enfin, les r\u00e9dacteurs du communiqu\u00e9 pr\u00e9cisent que les brigades en service assureront le fonctionnement normal du travail, lors des journ\u00e9es de protestation. \u00a0\u00a0<\/p>\n<p class=\"c6\"><strong>R\u00e9daction Web<\/strong><\/p>\n<\/div>\n<p>Auteur:<br \/>\n<a href=\"https:\/\/www.liberte-algerie.com\/actualite\/protection-civile-des-sit-in-a-travers-le-pays-a-partir-de-dimanche-357370\">Cliquez ici pour lire l&rsquo;article depuis sa source.<\/a><\/p>\n","protected":false},"excerpt":{"rendered":"<p>Les agents de la protection civile ont annonc\u00e9, ce samedi, des actions de protestation devant les unit\u00e9s principales \u00e0 travers le pays, \u00e0 compter de dimanche 18 avril, en raison de la \u00ab\u00a0non satisfaction\u00a0\u00bb de leurs dol\u00e9ances, notamment l\u2019 \u00ab\u00a0octroi de la prime de contagion\u00a0\u00bb, \u00e9tant donn\u00e9 \u00ab\u00a0les \u00a0dangers et les diverses maladies infectieuses\u00a0\u00bb auxquels [&hellip;]<\/p>\n","protected":false},"author":1742,"featured_media":0,"comment_status":"closed","ping_status":"closed","sticky":false,"template":"","format":"standard","meta":{"fifu_image_url":"","fifu_image_alt":"","footnotes":""},"categories":[73,53],"tags":[],"class_list":["post-115080","post","type-post","status-publish","format-standard","hentry","category-actualite","category-algerie"],"_links":{"self":[{"href":"https:\/\/linitiative.ca\/International\/wp-json\/wp\/v2\/posts\/115080","targetHints":{"allow":["GET"]}}],"collection":[{"href":"https:\/\/linitiative.ca\/International\/wp-json\/wp\/v2\/posts"}],"about":[{"href":"https:\/\/linitiative.ca\/International\/wp-json\/wp\/v2\/types\/post"}],"author":[{"embeddable":true,"href":"https:\/\/linitiative.ca\/International\/wp-json\/wp\/v2\/users\/1742"}],"replies":[{"embeddable":true,"href":"https:\/\/linitiative.ca\/International\/wp-json\/wp\/v2\/comments?post=115080"}],"version-history":[{"count":0,"href":"https:\/\/linitiative.ca\/International\/wp-json\/wp\/v2\/posts\/115080\/revisions"}],"wp:attachment":[{"href":"https:\/\/linitiative.ca\/International\/wp-json\/wp\/v2\/media?parent=115080"}],"wp:term":[{"taxonomy":"category","embeddable":true,"href":"https:\/\/linitiative.ca\/International\/wp-json\/wp\/v2\/categories?post=115080"},{"taxonomy":"post_tag","embeddable":true,"href":"https:\/\/linitiative.ca\/International\/wp-json\/wp\/v2\/tags?post=115080"}],"curies":[{"name":"wp","href":"https:\/\/api.w.org\/{rel}","templated":true}]}}