{"id":115082,"date":"2021-04-17T09:48:54","date_gmt":"2021-04-17T13:48:54","guid":{"rendered":"https:\/\/linitiative.ca\/International\/mme-sophie-villaume-une-grande-amoureuse-du-maroc\/"},"modified":"2021-04-17T09:48:54","modified_gmt":"2021-04-17T13:48:54","slug":"mme-sophie-villaume-une-grande-amoureuse-du-maroc","status":"publish","type":"post","link":"https:\/\/linitiative.ca\/International\/mme-sophie-villaume-une-grande-amoureuse-du-maroc\/","title":{"rendered":"Mme Sophie Villaume, une grande amoureuse du Maroc"},"content":{"rendered":"<div readability=\"40\">\n<p>Par : Samir LOTFY<br \/>Marrakech \u2013 Sereine, visionnaire, sociable, toujours m\u00e9thodique dans le moindre d\u00e9tail, et tr\u00e8s au fait de l\u2019actualit\u00e9, Mme Sophie Villaume est l\u2019exemple \u00e9loquent d\u2019une ressortissante fran\u00e7aise qui ne cesse de vouer un amour profond pour le Maroc au point de devenir \u00ab\u00a0une Marocaine de coeur\u00a0\u00bb.<\/p>\n<\/div>\n<div readability=\"199\">\n<p>Evoquer le Maroc, l\u2019hospitalit\u00e9 l\u00e9gendaire de cette Grande Nation, la simplicit\u00e9 et l\u2019esprit d\u2019ouverture de son peuple, l\u2019ancrage africain du Royaume, lui procure tant de joie, de fiert\u00e9 et d\u2019\u00e9motions surtout, que cette enseignante au Lyc\u00e9e Fran\u00e7ais Victor Hugo \u00e0 Marrakech, avait tr\u00e8s t\u00f4t, go\u00fbt\u00e9 de cet humanisme \u00e0 \u00ab\u00a0l\u2019Africaine\u00a0\u00bb, en \u00e9tant une fran\u00e7aise de l\u2019\u00e9tranger, n\u00e9e au S\u00e9n\u00e9gal mais, qui avait grandi en C\u00f4te d\u2019Ivoire.<\/p>\n<p>\u00ab\u00a0Cela me procure une immense fiert\u00e9. Certes, je suis fran\u00e7aise de naissance et j\u2019ai beau \u00eatre ce que j\u2019appelle une vraie fran\u00e7aise de l\u2019\u00e9tranger car, je suis n\u00e9e au S\u00e9n\u00e9gal, j\u2019ai grandi en C\u00f4te d\u2019Ivoire, j\u2019ai eu \u00e9galement la chance de pouvoir voyager, je n\u2019oublie pas mon pays la France. Mais, j\u2019ai \u00e9galement trouv\u00e9 une deuxi\u00e8me patrie, le Maroc\u00a0\u00bb, a confi\u00e9 \u00e0 la MAP, Mme Villaume, tout en qualifiant les relations qui existent entre la France et le Maroc de \u00ab\u00a0profondes\u00a0\u00bb et de \u00ab\u00a0sinc\u00e8res\u00a0\u00bb.<\/p>\n<p>\u00ab\u00a0Les relations qui unissent nos deux Nations sont bas\u00e9es sur le respect mutuel car, ces deux pays ont une histoire propre, m\u00eame si nous avons eu \u00e0 un certain moment, une histoire commune\u00a0\u00bb, a-t-elle dit, notant que \u00ab\u00a0la France et le Maroc ont des relations d\u2019\u00e9gal \u00e0 \u00e9gal car, il y a des discussions sinc\u00e8res bas\u00e9es sur la d\u00e9fense, \u00e0 la fois, d\u2019int\u00e9r\u00eats propres \u00e0 chaque pays mais aussi communs pour les deux\u00a0\u00bb.<\/p>\n<p>\u00ab\u00a0Le Maroc n\u2019h\u00e9site pas \u00e0 exprimer son point de vue, il en est de m\u00eame pour la France. Je suis extr\u00eamement fi\u00e8re d\u2019\u00eatre, \u00e0 la fois, fran\u00e7aise et marocaine de c\u0153ur\u00a0\u00bb, rappelle Mme Villaume qui dispose de plusieurs cordes \u00e0 son arc notamment, gr\u00e2ce \u00e0 ses comp\u00e9tences av\u00e9r\u00e9es, avec en poche, un baccalaur\u00e9at en Sciences Eco, suivi d\u2019une Maitrise de Juriste d\u2019entreprise, option Adjoint de Direction, qu\u2019elle avait pu d\u00e9crocher avec brio.<\/p>\n<p>\u00ab\u00a0Je suis une Marocaine de c\u0153ur. J\u2019ai un profond amour et respect pour le Royaume. De ce fait, je suis la femme la plus combl\u00e9e\u00a0\u00bb, a dit Mme Villaume qui se pr\u00e9pare pour se porter candidate aux \u00e9lections des Conseillers des Fran\u00e7ais de l\u2019\u00e9tranger pr\u00e9vues en mai prochain.<\/p>\n<p>Tr\u00e8s passionn\u00e9e et d\u00e9termin\u00e9e \u00e0 vivre cette belle aventure, cette sp\u00e9cialiste des questions \u00e9ducatives et p\u00e9dagogiques ne cache pas son d\u00e9sir et sa fiert\u00e9 de pouvoir repr\u00e9senter, une fois \u00e9lue conseill\u00e8re des Fran\u00e7ais \u00e0 l\u2019\u00e9tranger, son pays \u00e0 Marrakech et dans la r\u00e9gion, et au Maroc, sa patrie d\u2019adoption et de coeur.<\/p>\n<p>Au sujet de la particularit\u00e9 de ces joutes \u00e9lectorales, Mme Villaume a d\u00e9plor\u00e9 le fait que \u00ab\u00a0l\u2019\u00e9lection des conseillers des Fran\u00e7ais de l\u2019\u00e9tranger est tr\u00e8s mal connue. Ce qui peut expliquer qu\u2019il y ait peu de Fran\u00e7ais qui se d\u00e9placent pour aller voter\u00a0\u00bb.<\/p>\n<p>Et d\u2019enchainer que ce rendez-vous \u00e9lectoral est important car, il est n\u00e9cessaire pour la communaut\u00e9 fran\u00e7aise de la 4\u00e8me circonscription d\u2019avoir des repr\u00e9sentants qui puissent porter leur voix, faisant savoir qu\u2019il y a peu de temps qu\u2019elle vient de d\u00e9couvrir \u00ab\u00a0le Conseiller des Fran\u00e7ais de l\u2019\u00e9tranger\u00a0\u00bb.<\/p>\n<p>\u00ab\u00a0Je ne savais m\u00eame pas qu\u2019il y en avait \u00e0 Marrakech et r\u00e9gion. Et la pand\u00e9mie de la Covid-19 et le confinement de mars 2020 au Maroc, m\u2019ont fait prendre conscience de la n\u00e9cessit\u00e9 d\u2019avoir les bons relais au sein de notre communaut\u00e9, afin de pouvoir disposer des informations et \u00eatre aid\u00e9\u00a0\u00bb, a expliqu\u00e9 Mme Villaume.<\/p>\n<p>Et de poursuivre qu\u2019elle a \u00e9t\u00e9 sollicit\u00e9e, durant cette p\u00e9riode, pour venir en aide \u00e0 des membres de sa communaut\u00e9, dans leurs d\u00e9marches administratives, afin de pouvoir \u00eatre rapatri\u00e9s, pour obtenir des aides financi\u00e8res.<\/p>\n<p>\u00ab\u00a0Tout cela m\u2019a confirm\u00e9 dans la conviction qu\u2019il nous faut pour la 4\u00e8me circonscription du Maroc, des Conseillers des Fran\u00e7ais de l\u2019\u00e9tranger qui soient pr\u00e9sents, \u00e0 l\u2019\u00e9coute. Cette \u00e9ch\u00e9ance est le moyen de faire bouger les choses, d\u2019avoir une vraie circulation de l\u2019information, de donner \u00e0 nos compatriotes une vraie \u00e9coute, une vraie disponibilit\u00e9\u00a0\u00bb, a-t-elle ajout\u00e9.<\/p>\n<p>Mme Villaume, a relev\u00e9 que l\u2019importance de ces \u00e9lections se veut, \u00e0 la fois, politique et sociale. Politique parce que, contrairement \u00e0 ce que certains veulent avancer, ce sont les Conseillers des Fran\u00e7ais de l\u2019\u00e9tranger qui vont d\u00e9signer leurs S\u00e9nateurs, a-t-elle pr\u00e9cis\u00e9.<\/p>\n<p>Sur l\u2019importance sociale de ce scrutin, Mme Villaume note qu\u2019il s\u2019agit bien d\u2019une \u00e9lection locale, avec une vraie pr\u00e9sence sur le terrain. \u00ab\u00a0Un Conseiller des Fran\u00e7ais de l\u2019\u00e9tranger doit, \u00e0 mon sens, \u00eatre \u00e0 l\u2019\u00e9coute de ses compatriotes, \u00eatre disponible afin de les aider \u00e0 r\u00e9soudre des probl\u00e8mes auxquels ils sont confront\u00e9s, et servir de \u00ab\u00a0relais\u00a0\u00bb entre l\u2019administration fran\u00e7aise et le Parlement fran\u00e7ais pour faire remonter leurs pr\u00e9occupations\u00a0\u00bb.<\/p>\n<p>Et de poursuivre qu\u2019un Conseiller des Fran\u00e7ais de l\u2019\u00e9tranger se doit \u00e9galement, de cr\u00e9er un lien au sein de sa communaut\u00e9. \u00ab\u00a0Le lien social est primordial. Beaucoup de nos retrait\u00e9s fran\u00e7ais install\u00e9s \u00e0 Marrakech sont seuls, par exemple. Nous ne devons pas nous int\u00e9resser \u00e0 la communaut\u00e9 fran\u00e7aise de Marrakech et r\u00e9gion, uniquement parce qu\u2019il y a des \u00e9ch\u00e9ances. Cet engagement doit \u00eatre de chaque instant\u00a0\u00bb, a-t-elle dit avec d\u00e9termination et engagement.<\/p>\n<p>Dans la foul\u00e9e, elle a \u00e9mis le v\u0153u de voir la communaut\u00e9 fran\u00e7aise de la 4\u00e8me circonscription du Maroc, lui faire confiance ainsi qu\u2019aux membres de sa liste.<\/p>\n<p>\u00ab\u00a0Je serai en tant que Conseill\u00e8re des Fran\u00e7ais de l\u2019\u00e9tranger, la repr\u00e9sentante de la communaut\u00e9 fran\u00e7aise aupr\u00e8s de l\u2019Ambassade et du Consulat de sa circonscription. Je serai \u00e9galement consult\u00e9e pour des questions traitant de l\u2019enseignement fran\u00e7ais \u00e0 l\u2019\u00e9tranger, de l\u2019emploi, des aides sociales, \u2026 Et surtout, je serai pr\u00e9sente ainsi que les membres de ma liste aux c\u00f4t\u00e9s des Fran\u00e7ais install\u00e9s \u00e0 Marrakech et r\u00e9gion\u00a0\u00bb, a-t-elle expliqu\u00e9.<\/p>\n<p>En guise de conclusion, Mme Villaume a fait part de son souhait le plus ardent de voir les Fran\u00e7ais de la 4\u00e8 circonscription du Maroc, \u00ab\u00a0donner la voix \u00e0 leur voix\u00a0\u00bb lors des \u00e9lections des Conseillers des Fran\u00e7ais de l\u2019\u00e9tranger qui auront lieu par vote internet (21 au 26 mai 2021) ou par procuration, ou \u00e0 l\u2019urne le 30 mai prochain au Consulat de France \u00e0 Marrakech.<\/p>\n<\/div>\n<p>Auteur: Meriem IGASS<br \/>\n<a href=\"http:\/\/www.mapmarrakech.ma\/fr\/mme-sophie-villaume-une-grande-amoureuse-du-maroc\/\">Cliquez ici pour lire l&rsquo;article depuis sa source.<\/a><\/p>\n","protected":false},"excerpt":{"rendered":"<p>Par : Samir LOTFYMarrakech \u2013 Sereine, visionnaire, sociable, toujours m\u00e9thodique dans le moindre d\u00e9tail, et tr\u00e8s au fait de l\u2019actualit\u00e9, Mme Sophie Villaume est l\u2019exemple \u00e9loquent d\u2019une ressortissante fran\u00e7aise qui ne cesse de vouer un amour profond pour le Maroc au point de devenir \u00ab\u00a0une Marocaine de coeur\u00a0\u00bb. Evoquer le Maroc, l\u2019hospitalit\u00e9 l\u00e9gendaire de cette [&hellip;]<\/p>\n","protected":false},"author":1788,"featured_media":0,"comment_status":"closed","ping_status":"closed","sticky":false,"template":"","format":"standard","meta":{"fifu_image_url":"","fifu_image_alt":"","footnotes":""},"categories":[54,76],"tags":[],"class_list":["post-115082","post","type-post","status-publish","format-standard","hentry","category-maroc","category-regions"],"_links":{"self":[{"href":"https:\/\/linitiative.ca\/International\/wp-json\/wp\/v2\/posts\/115082","targetHints":{"allow":["GET"]}}],"collection":[{"href":"https:\/\/linitiative.ca\/International\/wp-json\/wp\/v2\/posts"}],"about":[{"href":"https:\/\/linitiative.ca\/International\/wp-json\/wp\/v2\/types\/post"}],"author":[{"embeddable":true,"href":"https:\/\/linitiative.ca\/International\/wp-json\/wp\/v2\/users\/1788"}],"replies":[{"embeddable":true,"href":"https:\/\/linitiative.ca\/International\/wp-json\/wp\/v2\/comments?post=115082"}],"version-history":[{"count":0,"href":"https:\/\/linitiative.ca\/International\/wp-json\/wp\/v2\/posts\/115082\/revisions"}],"wp:attachment":[{"href":"https:\/\/linitiative.ca\/International\/wp-json\/wp\/v2\/media?parent=115082"}],"wp:term":[{"taxonomy":"category","embeddable":true,"href":"https:\/\/linitiative.ca\/International\/wp-json\/wp\/v2\/categories?post=115082"},{"taxonomy":"post_tag","embeddable":true,"href":"https:\/\/linitiative.ca\/International\/wp-json\/wp\/v2\/tags?post=115082"}],"curies":[{"name":"wp","href":"https:\/\/api.w.org\/{rel}","templated":true}]}}