{"id":115083,"date":"2021-04-17T11:42:54","date_gmt":"2021-04-17T15:42:54","guid":{"rendered":"https:\/\/linitiative.ca\/International\/ramadan-anti-covid-les-services-de-la-dgsn-au-coeur-de-laction-2\/"},"modified":"2021-04-17T11:42:54","modified_gmt":"2021-04-17T15:42:54","slug":"ramadan-anti-covid-les-services-de-la-dgsn-au-coeur-de-laction-2","status":"publish","type":"post","link":"https:\/\/linitiative.ca\/International\/ramadan-anti-covid-les-services-de-la-dgsn-au-coeur-de-laction-2\/","title":{"rendered":"Ramadan\/anti-Covid: Les services de la DGSN au coeur de l\u2019action"},"content":{"rendered":"<p><iframe loading=\"lazy\" width=\"1170\" height=\"658\" src=\"https:\/\/www.youtube.com\/embed\/l4Bc_vkb5Zs?feature=oembed\" frameborder=\"0\" allow=\"accelerometer; autoplay; clipboard-write; encrypted-media; gyroscope; picture-in-picture\" allowfullscreen=\"allowfullscreen\">[embedded content]<\/iframe><\/p>\n<div class=\"single-post-excerpt post-excerpt-bc\" readability=\"39\">\n<p>L\u2019av\u00e8nement du mois sacr\u00e9 du Ramadan 1442, dans une conjoncture assez exceptionnelle marqu\u00e9e par la persistance de la propagation de la Covid-19 et l\u2019apparition de nouveaux variants, a \u00e9t\u00e9 accueilli par une mobilisation renouvel\u00e9e et un engagement citoyen exemplaire, des multiples services de police de Marrakech, avec comme seul mot d\u2019ordre : veiller strictement au respect des mesures pr\u00e9ventives d\u00e9cr\u00e9t\u00e9es par les autorit\u00e9s comp\u00e9tentes pour combattre cette pand\u00e9mie.<\/p>\n<\/div>\n<p>Auteur: Meriem IGASS<br \/>\n<a href=\"http:\/\/www.mapmarrakech.ma\/fr\/ramadan-anti-covid-les-services-de-la-dgsn-au-coeur-de-laction\/\">Cliquez ici pour lire l&rsquo;article depuis sa source.<\/a><\/p>\n","protected":false},"excerpt":{"rendered":"<p>[embedded content] L\u2019av\u00e8nement du mois sacr\u00e9 du Ramadan 1442, dans une conjoncture assez exceptionnelle marqu\u00e9e par la persistance de la propagation de la Covid-19 et l\u2019apparition de nouveaux variants, a \u00e9t\u00e9 accueilli par une mobilisation renouvel\u00e9e et un engagement citoyen exemplaire, des multiples services de police de Marrakech, avec comme seul mot d\u2019ordre : veiller [&hellip;]<\/p>\n","protected":false},"author":1788,"featured_media":0,"comment_status":"closed","ping_status":"closed","sticky":false,"template":"","format":"standard","meta":{"fifu_image_url":"","fifu_image_alt":"","footnotes":""},"categories":[54,76],"tags":[],"class_list":["post-115083","post","type-post","status-publish","format-standard","hentry","category-maroc","category-regions"],"_links":{"self":[{"href":"https:\/\/linitiative.ca\/International\/wp-json\/wp\/v2\/posts\/115083","targetHints":{"allow":["GET"]}}],"collection":[{"href":"https:\/\/linitiative.ca\/International\/wp-json\/wp\/v2\/posts"}],"about":[{"href":"https:\/\/linitiative.ca\/International\/wp-json\/wp\/v2\/types\/post"}],"author":[{"embeddable":true,"href":"https:\/\/linitiative.ca\/International\/wp-json\/wp\/v2\/users\/1788"}],"replies":[{"embeddable":true,"href":"https:\/\/linitiative.ca\/International\/wp-json\/wp\/v2\/comments?post=115083"}],"version-history":[{"count":0,"href":"https:\/\/linitiative.ca\/International\/wp-json\/wp\/v2\/posts\/115083\/revisions"}],"wp:attachment":[{"href":"https:\/\/linitiative.ca\/International\/wp-json\/wp\/v2\/media?parent=115083"}],"wp:term":[{"taxonomy":"category","embeddable":true,"href":"https:\/\/linitiative.ca\/International\/wp-json\/wp\/v2\/categories?post=115083"},{"taxonomy":"post_tag","embeddable":true,"href":"https:\/\/linitiative.ca\/International\/wp-json\/wp\/v2\/tags?post=115083"}],"curies":[{"name":"wp","href":"https:\/\/api.w.org\/{rel}","templated":true}]}}