{"id":115085,"date":"2021-04-17T12:55:56","date_gmt":"2021-04-17T16:55:56","guid":{"rendered":"https:\/\/linitiative.ca\/International\/quelque-9-228-menages-beneficient-de-loperation-ramadan-1442\/"},"modified":"2021-04-17T12:55:56","modified_gmt":"2021-04-17T16:55:56","slug":"quelque-9-228-menages-beneficient-de-loperation-ramadan-1442","status":"publish","type":"post","link":"https:\/\/linitiative.ca\/International\/quelque-9-228-menages-beneficient-de-loperation-ramadan-1442\/","title":{"rendered":"Quelque 9.228 m\u00e9nages b\u00e9n\u00e9ficient de l\u2019Op\u00e9ration \u00ab\u00a0Ramadan 1442\u00a0\u00bb"},"content":{"rendered":"<div readability=\"34\">\n<p>Safi \u2013 Quelque 9.228 familles d\u00e9munies b\u00e9n\u00e9ficient de l\u2019Op\u00e9ration de soutien alimentaire \u00ab\u00a0Ramadan 1442\u00a0\u00bb, au niveau de la province de Safi.<\/p>\n<\/div>\n<div readability=\"93\">\n<p>Selon des donn\u00e9es de la D\u00e9l\u00e9gation provinciale de l\u2019Entraide nationale \u00e0 Safi, cette op\u00e9ration, lanc\u00e9e par la Fondation Mohammed V pour la Solidarit\u00e9 sur Hautes Instructions de Sa Majest\u00e9 le Roi Mohammed VI, concerne 2.028 m\u00e9nages issus du milieu urbain et 7.200 familles issues du monde rural relevant de la province de Safi.<\/p>\n<p>Les b\u00e9n\u00e9ficiaires issus du milieu urbain se r\u00e9partissent entre le 1er arrondissement urbain (600 m\u00e9nages), 2\u00e8 arrondissement urbain (700 familles) et 3\u00e8 arrondissement urbain (728 m\u00e9nages).<\/p>\n<p>Quant aux personnes cibl\u00e9es par cette op\u00e9ration dans le monde rural, elles se r\u00e9partissent entre les cercles de Gzoula (2.210 familles), Hrara (2.590 m\u00e9nages) et Abda (2.400 familles).<\/p>\n<p>Pour ce qui est du volume des denr\u00e9es alimentaires destin\u00e9es aux b\u00e9n\u00e9ficiaires, il se compose de 92.280 kg de farines, 36.912 kg de sucre, 46.140 litres d\u2019huile, 2.307 kg de th\u00e9, 9.228 kg de lentilles, 9.228 kg de vermicelle et 9.228 kg de concentr\u00e9 de tomates.<\/p>\n<p>Le panier de soutien alimentaire de chaque b\u00e9n\u00e9ficiaire comporte 10 kg de farines, 4 kg de sucre, 5 litres d\u2019huile v\u00e9g\u00e9tale, 250 grammes de th\u00e9, 1 kg de lentilles, 1 kg de vermicelle et une boite de 880 grammes de concentr\u00e9 de tomates.<\/p>\n<p>Cette action solidaire vise \u00e0 contribuer \u00e0 all\u00e9ger le poids des besoins alimentaires li\u00e9s au mois sacr\u00e9 du Ramadan et \u00e0 soulager les familles modestes fragilis\u00e9es par les incidences socio-\u00e9conomiques de la crise sanitaire.<\/p>\n<p>L\u2019op\u00e9ration, organis\u00e9e avec le concours financier du minist\u00e8re de l\u2019Int\u00e9rieur (Direction G\u00e9n\u00e9rale des Collectivit\u00e9s Locales) et du minist\u00e8re des Habous et des Affaires Islamiques, est marqu\u00e9e par un dispositif de mise en \u0153uvre qui ob\u00e9it aux dispositions de s\u00e9curit\u00e9 \u00e9dict\u00e9es par les autorit\u00e9s locales.<\/p>\n<p>Diff\u00e9rentes mesures de pr\u00e9vention du risque sanitaire ont \u00e9t\u00e9 adopt\u00e9es au niveau des comit\u00e9s de suivi locaux afin d\u2019assurer la sant\u00e9 et la s\u00e9curit\u00e9 de la population.<\/p>\n<p>Il s\u2019agit notamment de la d\u00e9sinfection des centres d\u2019approvisionnement, des paniers alimentaires ainsi que des v\u00e9hicules de transport, la distanciation physique, la r\u00e9duction des effectifs humains d\u00e9di\u00e9s et la remise directe de l\u2019aide.<\/p>\n<p>Au niveau national, cette 22\u00e8me \u00e9dition de l\u2019Op\u00e9ration de distribution alimentaire \u00ab\u00a0Ramadan 1442\u00a0\u00bb profitera \u00e0 trois millions de personnes (600.000 foyers au niveau national, dont 459.504 issus des zones rurales).<\/p>\n<\/div>\n<p>Auteur: Meriem IGASS<br \/>\n<a href=\"http:\/\/www.mapmarrakech.ma\/fr\/quelque-9-228-menages-beneficient-de-loperation-ramadan-1442\/\">Cliquez ici pour lire l&rsquo;article depuis sa source.<\/a><\/p>\n","protected":false},"excerpt":{"rendered":"<p>Safi \u2013 Quelque 9.228 familles d\u00e9munies b\u00e9n\u00e9ficient de l\u2019Op\u00e9ration de soutien alimentaire \u00ab\u00a0Ramadan 1442\u00a0\u00bb, au niveau de la province de Safi. Selon des donn\u00e9es de la D\u00e9l\u00e9gation provinciale de l\u2019Entraide nationale \u00e0 Safi, cette op\u00e9ration, lanc\u00e9e par la Fondation Mohammed V pour la Solidarit\u00e9 sur Hautes Instructions de Sa Majest\u00e9 le Roi Mohammed VI, concerne [&hellip;]<\/p>\n","protected":false},"author":1788,"featured_media":0,"comment_status":"closed","ping_status":"closed","sticky":false,"template":"","format":"standard","meta":{"fifu_image_url":"","fifu_image_alt":"","footnotes":""},"categories":[54,76],"tags":[],"class_list":["post-115085","post","type-post","status-publish","format-standard","hentry","category-maroc","category-regions"],"_links":{"self":[{"href":"https:\/\/linitiative.ca\/International\/wp-json\/wp\/v2\/posts\/115085","targetHints":{"allow":["GET"]}}],"collection":[{"href":"https:\/\/linitiative.ca\/International\/wp-json\/wp\/v2\/posts"}],"about":[{"href":"https:\/\/linitiative.ca\/International\/wp-json\/wp\/v2\/types\/post"}],"author":[{"embeddable":true,"href":"https:\/\/linitiative.ca\/International\/wp-json\/wp\/v2\/users\/1788"}],"replies":[{"embeddable":true,"href":"https:\/\/linitiative.ca\/International\/wp-json\/wp\/v2\/comments?post=115085"}],"version-history":[{"count":0,"href":"https:\/\/linitiative.ca\/International\/wp-json\/wp\/v2\/posts\/115085\/revisions"}],"wp:attachment":[{"href":"https:\/\/linitiative.ca\/International\/wp-json\/wp\/v2\/media?parent=115085"}],"wp:term":[{"taxonomy":"category","embeddable":true,"href":"https:\/\/linitiative.ca\/International\/wp-json\/wp\/v2\/categories?post=115085"},{"taxonomy":"post_tag","embeddable":true,"href":"https:\/\/linitiative.ca\/International\/wp-json\/wp\/v2\/tags?post=115085"}],"curies":[{"name":"wp","href":"https:\/\/api.w.org\/{rel}","templated":true}]}}