{"id":115086,"date":"2021-04-17T13:42:16","date_gmt":"2021-04-17T17:42:16","guid":{"rendered":"https:\/\/linitiative.ca\/International\/fes-le-musee-de-la-culture-juive-finalise-en-mai-2022\/"},"modified":"2021-04-17T13:42:16","modified_gmt":"2021-04-17T17:42:16","slug":"fes-le-musee-de-la-culture-juive-finalise-en-mai-2022","status":"publish","type":"post","link":"https:\/\/linitiative.ca\/International\/fes-le-musee-de-la-culture-juive-finalise-en-mai-2022\/","title":{"rendered":"F\u00e8s : Le mus\u00e9e de la culture juive finalis\u00e9 en mai 2022"},"content":{"rendered":"<p class=\"rtejustify\">Franc succ\u00e8s de la premi\u00e8re r\u00e9union du comit\u00e9 scientifique du mus\u00e9e de la culture juive de F\u00e8s qui s\u2019est tenue, hier \u00e0 F\u00e8s.<\/p>\n<p class=\"rtejustify\">Pr\u00e9sid\u00e9 par Serge Berdugo, secr\u00e9taire g\u00e9n\u00e9ral du Conseil des communaut\u00e9s isra\u00e9lites du Maroc, ce comit\u00e9 est compos\u00e9 notamment de Mehdi Qotbi, pr\u00e9sident de la Fondation nationale des mus\u00e9es (FNM), Jamae Bayda, directeur des archives du Maroc, Zhour Rhihel, directrice et conservatrice du mus\u00e9e juif marocain de Casablanca, Abdelaziz Idrissi, directeur du mus\u00e9e Mohammed VI, outre le wali de la r\u00e9gion, le pr\u00e9sident du Conseil r\u00e9gional, le pr\u00e9sident du CRT et le directeur de l\u2019Ader-F\u00e8s. La r\u00e9union de ce 16 avril 2021 \u00e9tait l\u2019occasion de parapher une convention relative \u00e0 l\u2019acquisition des objets d\u2019art qui seront expos\u00e9s dans ce mus\u00e9e.<\/p>\n<p class=\"rtejustify\">Sign\u00e9 par le ministre de la Culture, Othmane El Ferdaous, le wali Essaid Zniber, le pr\u00e9sident du CR, Mohand Laenser et le pr\u00e9sident de la FNM, Mehdi Qotbi, cet accord vise le financement de l\u2019achat d\u2019objets d\u2019arts juda\u00efques de grande valeur patrimoniale. Selon les explications fournies par Fouad Serrhini, directeur de l\u2019Agence de d\u00e9veloppement et de r\u00e9habilitation (Ader-F\u00e8s), en charge de la ma\u00eetrise d\u2019ouvrage du projet, \u00able mus\u00e9e de la culture juive de F\u00e8s sera fin pr\u00eat en mai 2022\u00bb. D\u2019un investissement de 11,81 millions de DH, cet \u00e9difice est en cours de construction. Les membres du comit\u00e9 scientifique se sont d\u2019ailleurs redus sur place pour s\u2019enqu\u00e9rir des travaux. Ils ont \u00e9galement visit\u00e9 le mus\u00e9e d\u2019art arabo-musulman (mus\u00e9e Batha) dont les travaux de restauration devront prendre fin en juillet prochain.<\/p>\n<p class=\"rtejustify\">Pour Mehdi Qotbi, \u00ab\u00e0 travers ces deux mus\u00e9es, F\u00e8s donne un message au monde que le Maroc est un pays d\u2019ouverture et de tol\u00e9rance\u00bb. Le pr\u00e9sident de la FNM \u00abse dit fier de l\u2019int\u00e9r\u00eat port\u00e9 par SM le Roi au d\u00e9veloppement de la culture mus\u00e9ale au Maroc\u00bb. Pour sa part, Serge Berdugo a not\u00e9 que \u00able mus\u00e9e de la culture juive de F\u00e8s, d\u2019une haute port\u00e9e symbolique n\u00e9 de la vision \u00e9clair\u00e9e de SM le Roi, s\u2019inscrit dans la conception de l\u2019identit\u00e9 nationale unique et diverse grav\u00e9e dans le pr\u00e9ambule de la constitution de 2011\u00bb. \u00abCette initiative royale d\u00e9passe l\u2019univers mus\u00e9al pour rendre justice \u00e0 notre pass\u00e9 commun et met en relief la d\u00e9fense et la conservation du patrimoine mat\u00e9riel et immat\u00e9riel de l\u2019affluent h\u00e9bra\u00efque de l\u2019identit\u00e9 nationale\u00bb, estime le secr\u00e9taire g\u00e9n\u00e9ral du Conseil des communaut\u00e9s isra\u00e9lites du Maroc.<\/p>\n<p class=\"rtejustify\">Joint par vid\u00e9oconf\u00e9rence, Mikael Guigui, dirigeant de Vinyl Factory, et fils du regrettable Dr Armand Guigui, pr\u00e9sident de la communaut\u00e9 isra\u00e9lite de F\u00e8s et r\u00e9gion, s\u2019est dit pr\u00eat pour apporter son soutien \u00e0 toute initiative. M\u00eame promesse aupr\u00e8s d&rsquo;Eddy-Richard Toledano, PDG de Locafinance, et bien d&rsquo;autres personnalit\u00e9s.<\/p>\n<p class=\"rtejustify\"><em>Y.S.A<\/em><\/p>\n<p>Auteur: mbasraoui<br \/>\n<a href=\"https:\/\/www.leconomiste.com\/flash-infos\/fes-le-musee-de-la-culture-juive-finalise-en-mai-2022\">Cliquez ici pour lire l&rsquo;article depuis sa source.<\/a><\/p>\n","protected":false},"excerpt":{"rendered":"<p>Franc succ\u00e8s de la premi\u00e8re r\u00e9union du comit\u00e9 scientifique du mus\u00e9e de la culture juive de F\u00e8s qui s\u2019est tenue, hier \u00e0 F\u00e8s. Pr\u00e9sid\u00e9 par Serge Berdugo, secr\u00e9taire g\u00e9n\u00e9ral du Conseil des communaut\u00e9s isra\u00e9lites du Maroc, ce comit\u00e9 est compos\u00e9 notamment de Mehdi Qotbi, pr\u00e9sident de la Fondation nationale des mus\u00e9es (FNM), Jamae Bayda, directeur [&hellip;]<\/p>\n","protected":false},"author":1763,"featured_media":0,"comment_status":"closed","ping_status":"closed","sticky":false,"template":"","format":"standard","meta":{"fifu_image_url":"","fifu_image_alt":"","footnotes":""},"categories":[78,54],"tags":[],"class_list":["post-115086","post","type-post","status-publish","format-standard","hentry","category-economie","category-maroc"],"_links":{"self":[{"href":"https:\/\/linitiative.ca\/International\/wp-json\/wp\/v2\/posts\/115086","targetHints":{"allow":["GET"]}}],"collection":[{"href":"https:\/\/linitiative.ca\/International\/wp-json\/wp\/v2\/posts"}],"about":[{"href":"https:\/\/linitiative.ca\/International\/wp-json\/wp\/v2\/types\/post"}],"author":[{"embeddable":true,"href":"https:\/\/linitiative.ca\/International\/wp-json\/wp\/v2\/users\/1763"}],"replies":[{"embeddable":true,"href":"https:\/\/linitiative.ca\/International\/wp-json\/wp\/v2\/comments?post=115086"}],"version-history":[{"count":0,"href":"https:\/\/linitiative.ca\/International\/wp-json\/wp\/v2\/posts\/115086\/revisions"}],"wp:attachment":[{"href":"https:\/\/linitiative.ca\/International\/wp-json\/wp\/v2\/media?parent=115086"}],"wp:term":[{"taxonomy":"category","embeddable":true,"href":"https:\/\/linitiative.ca\/International\/wp-json\/wp\/v2\/categories?post=115086"},{"taxonomy":"post_tag","embeddable":true,"href":"https:\/\/linitiative.ca\/International\/wp-json\/wp\/v2\/tags?post=115086"}],"curies":[{"name":"wp","href":"https:\/\/api.w.org\/{rel}","templated":true}]}}