{"id":115088,"date":"2021-04-17T15:14:27","date_gmt":"2021-04-17T19:14:27","guid":{"rendered":"https:\/\/linitiative.ca\/International\/international-milan-ac-trois-nouvelles-pistes-en-attaque\/"},"modified":"2021-04-17T15:14:27","modified_gmt":"2021-04-17T19:14:27","slug":"international-milan-ac-trois-nouvelles-pistes-en-attaque","status":"publish","type":"post","link":"https:\/\/linitiative.ca\/International\/international-milan-ac-trois-nouvelles-pistes-en-attaque\/","title":{"rendered":"International : Milan AC : Trois nouvelles pistes en attaque"},"content":{"rendered":"<div readability=\"32\">\n<p>Auteur : <span class=\"time\">samedi 17 avril 2021 14:00<\/span><\/p>\n<\/div>\n<div id=\"post_core\" readability=\"65\">\n<p>Andrea Belotti (Torino), Dusan Vlahovic (Fiorentina), Myron Boadu (AZ Alkmaar) sont d\u00e9j\u00e0 dans le viseur mais selon\u00a0La Gazzetta dello Sport et Les-Transferts, trois nouvelles pistes auraient \u00e9t\u00e9 activ\u00e9.<\/p>\n<p>Deux joueurs fran\u00e7ais seraient sur les tablettes. Il s\u2019agit d\u2019abord d\u2019Odsonne Edouard. \u00c2g\u00e9 de 23 ans, ce dernier \u00e9volue au Celtic Glasgow o\u00f9 il dispose d\u2019un contrat jusqu\u2019en juin 2022. Estim\u00e9 entre 15 et 20 millions d\u2019euros, l\u2019international Espoirs tricolore a un bon de sortie pour cet \u00e9t\u00e9. Auteur de 16 buts en 26 rencontres de championnat, le natif de Kourou figure \u00e9galement dans le viseur de West Ham et Arsenal.<\/p>\n<p>En France, le nom d\u2019Amine Gouiri aurait \u00e9t\u00e9 coch\u00e9. Arriv\u00e9 l\u2019\u00e9t\u00e9 dernier en provenance de l\u2019Olympique Lyonnais, le buteur de 21 ans r\u00e9alise une belle saison sous le maillot de l\u2019OGC Nice. Sous contrat jusqu\u2019en juin 2024, l\u2019international Espoirs fran\u00e7ais a d\u00e9livr\u00e9 six passes d\u00e9cisives et inscrit 12 buts en 31 rencontres de Ligue 1. Estim\u00e9 \u00e0 30 millions d\u2019euros, l\u2019ancien lyonnais a \u00e9galement tap\u00e9 dans l\u2019oeil de l\u2019AS Roma.<\/p>\n<p>Concernant la derni\u00e8re piste, elle nous m\u00e8ne du c\u00f4t\u00e9 de l\u2019Allemagne avec Breel Embolo. \u00c2g\u00e9 de 24 ans, l\u2019international suisse (40 s\u00e9lections, 5 buts) est sous contrat jusqu\u2019en juin 2023 avec le Borussia M\u00f6nchengladbach. Auteur de trois buts et cinq passes d\u00e9cisives en 25 rencontres de championnat de Bundesliga, le natif de Yaound\u00e9 est estim\u00e9 \u00e0 15 millions d\u2019euros.<\/p>\n<p><strong>Publi\u00e9 dans :<\/strong> <span>Milan AC<\/span> <span>Gouiri<\/span><\/p>\n<\/div>\n<p>Auteur:<br \/>\n<a href=\"http:\/\/www.lebuteur.com\/article\/detail?titre=milan-ac-trois-nouvelles-pistes-en-attaque&#038;id=99747&#038;utm_source=feedburner&#038;utm_medium=feed&#038;utm_campaign=Feed%3A+GalerieFArtciles+%28Les+derniers+articles++-+lebuteur.com%29\">Cliquez ici pour lire l&rsquo;article depuis sa source.<\/a><\/p>\n","protected":false},"excerpt":{"rendered":"<p>Auteur : samedi 17 avril 2021 14:00 Andrea Belotti (Torino), Dusan Vlahovic (Fiorentina), Myron Boadu (AZ Alkmaar) sont d\u00e9j\u00e0 dans le viseur mais selon\u00a0La Gazzetta dello Sport et Les-Transferts, trois nouvelles pistes auraient \u00e9t\u00e9 activ\u00e9. Deux joueurs fran\u00e7ais seraient sur les tablettes. Il s\u2019agit d\u2019abord d\u2019Odsonne Edouard. \u00c2g\u00e9 de 23 ans, ce dernier \u00e9volue au [&hellip;]<\/p>\n","protected":false},"author":1738,"featured_media":0,"comment_status":"closed","ping_status":"closed","sticky":false,"template":"","format":"standard","meta":{"fifu_image_url":"\/\/cdn.lebuteur.com\/data\/images\/article\/thumbs\/large-milan-ac-trois-nouvelles-pistes-en-attaque-831bd.jpg","fifu_image_alt":"International : Milan AC : Trois nouvelles pistes en attaque","footnotes":""},"categories":[53,75],"tags":[],"class_list":["post-115088","post","type-post","status-publish","format-standard","hentry","category-algerie","category-sport"],"_links":{"self":[{"href":"https:\/\/linitiative.ca\/International\/wp-json\/wp\/v2\/posts\/115088","targetHints":{"allow":["GET"]}}],"collection":[{"href":"https:\/\/linitiative.ca\/International\/wp-json\/wp\/v2\/posts"}],"about":[{"href":"https:\/\/linitiative.ca\/International\/wp-json\/wp\/v2\/types\/post"}],"author":[{"embeddable":true,"href":"https:\/\/linitiative.ca\/International\/wp-json\/wp\/v2\/users\/1738"}],"replies":[{"embeddable":true,"href":"https:\/\/linitiative.ca\/International\/wp-json\/wp\/v2\/comments?post=115088"}],"version-history":[{"count":0,"href":"https:\/\/linitiative.ca\/International\/wp-json\/wp\/v2\/posts\/115088\/revisions"}],"wp:attachment":[{"href":"https:\/\/linitiative.ca\/International\/wp-json\/wp\/v2\/media?parent=115088"}],"wp:term":[{"taxonomy":"category","embeddable":true,"href":"https:\/\/linitiative.ca\/International\/wp-json\/wp\/v2\/categories?post=115088"},{"taxonomy":"post_tag","embeddable":true,"href":"https:\/\/linitiative.ca\/International\/wp-json\/wp\/v2\/tags?post=115088"}],"curies":[{"name":"wp","href":"https:\/\/api.w.org\/{rel}","templated":true}]}}