{"id":115091,"date":"2021-04-17T15:14:34","date_gmt":"2021-04-17T19:14:34","guid":{"rendered":"https:\/\/linitiative.ca\/International\/pros-fa-cup-man-city-perd-de-bruyne-et-se-fait-sortir-par-chelsea-mahrez-est-reste-sur-le-banc-des-remplacants\/"},"modified":"2021-04-17T15:14:34","modified_gmt":"2021-04-17T19:14:34","slug":"pros-fa-cup-man-city-perd-de-bruyne-et-se-fait-sortir-par-chelsea-mahrez-est-reste-sur-le-banc-des-remplacants","status":"publish","type":"post","link":"https:\/\/linitiative.ca\/International\/pros-fa-cup-man-city-perd-de-bruyne-et-se-fait-sortir-par-chelsea-mahrez-est-reste-sur-le-banc-des-remplacants\/","title":{"rendered":"Pros : FA Cup : Man City perd De Bruyne et se fait sortir par Chelsea. Mahrez est rest\u00e9 sur le banc des rempla\u00e7ants"},"content":{"rendered":"<div readability=\"32\">\n<p>Auteur : <span class=\"time\">samedi 17 avril 2021 19:55<\/span><\/p>\n<\/div>\n<div id=\"post_core\" readability=\"49\">\n<p>Les r\u00eaves de quadrupl\u00e9 se sont envol\u00e9s \u00e0 Wembley pour Manchester City. En demi-finale de la Coupe d&rsquo;Angleterre, les Citizens se sont inclin\u00e9s sur la plus petite des marges contre Chelsea (1-0) ce samedi. La faute \u00e0 un but d&rsquo;Hakim Ziyech, servi sur un plateau par Timo Werner comme l&rsquo;indique Sport24. Un duo d\u00e9j\u00e0 \u00e0 l&rsquo;oeuvre en premi\u00e8re p\u00e9riode sur un but refus\u00e9 pour hors-jeu.<\/p>\n<p>Pour Manchester City, cette d\u00e9faite repr\u00e9sente un coup d&rsquo;arr\u00eat \u00e0 11 jours du duel face au PSG, en demi-finales de Ligue des champions. D&rsquo;autant que Kevin de Bruyne est sorti en d\u00e9but de seconde p\u00e9riode, touch\u00e9 \u00e0 la cheville droite&#8230; Pep Guardiola et ses joueurs peuvent encore viser le tripl\u00e9, entre la C1, la Premier League (le classement ici) et la Coupe de la Ligue (finale contre Tottenham dimanche prochain).<\/p>\n<p><strong>Publi\u00e9 dans :<\/strong> <span>Manchester City<\/span><\/p>\n<\/div>\n<p>Auteur:<br \/>\n<a href=\"http:\/\/www.lebuteur.com\/article\/detail?titre=fa-cup-man-city-perd-de-bruyne-et-se-fait-sortir-par-chelsea-mahrez-est-reste-sur-le-banc-des-remplacants&#038;id=99750&#038;utm_source=feedburner&#038;utm_medium=feed&#038;utm_campaign=Feed%3A+GalerieFArtciles+%28Les+derniers+articles++-+lebuteur.com%29\">Cliquez ici pour lire l&rsquo;article depuis sa source.<\/a><\/p>\n","protected":false},"excerpt":{"rendered":"<p>Auteur : samedi 17 avril 2021 19:55 Les r\u00eaves de quadrupl\u00e9 se sont envol\u00e9s \u00e0 Wembley pour Manchester City. En demi-finale de la Coupe d&rsquo;Angleterre, les Citizens se sont inclin\u00e9s sur la plus petite des marges contre Chelsea (1-0) ce samedi. La faute \u00e0 un but d&rsquo;Hakim Ziyech, servi sur un plateau par Timo Werner [&hellip;]<\/p>\n","protected":false},"author":1738,"featured_media":0,"comment_status":"closed","ping_status":"closed","sticky":false,"template":"","format":"standard","meta":{"fifu_image_url":"\/\/cdn.lebuteur.com\/data\/images\/article\/thumbs\/large-fa-cup-man-city-perd-de-bruyne-et-se-fait-sortir-par-chelsea-mahrez-est-reste-sur-le-banc-des-remplacants-1e6f6.jpg","fifu_image_alt":"Pros : FA Cup : Man City perd De Bruyne et se fait sortir par Chelsea. Mahrez est rest\u00e9 sur le banc des rempla\u00e7ants","footnotes":""},"categories":[53,75],"tags":[],"class_list":["post-115091","post","type-post","status-publish","format-standard","hentry","category-algerie","category-sport"],"_links":{"self":[{"href":"https:\/\/linitiative.ca\/International\/wp-json\/wp\/v2\/posts\/115091","targetHints":{"allow":["GET"]}}],"collection":[{"href":"https:\/\/linitiative.ca\/International\/wp-json\/wp\/v2\/posts"}],"about":[{"href":"https:\/\/linitiative.ca\/International\/wp-json\/wp\/v2\/types\/post"}],"author":[{"embeddable":true,"href":"https:\/\/linitiative.ca\/International\/wp-json\/wp\/v2\/users\/1738"}],"replies":[{"embeddable":true,"href":"https:\/\/linitiative.ca\/International\/wp-json\/wp\/v2\/comments?post=115091"}],"version-history":[{"count":0,"href":"https:\/\/linitiative.ca\/International\/wp-json\/wp\/v2\/posts\/115091\/revisions"}],"wp:attachment":[{"href":"https:\/\/linitiative.ca\/International\/wp-json\/wp\/v2\/media?parent=115091"}],"wp:term":[{"taxonomy":"category","embeddable":true,"href":"https:\/\/linitiative.ca\/International\/wp-json\/wp\/v2\/categories?post=115091"},{"taxonomy":"post_tag","embeddable":true,"href":"https:\/\/linitiative.ca\/International\/wp-json\/wp\/v2\/tags?post=115091"}],"curies":[{"name":"wp","href":"https:\/\/api.w.org\/{rel}","templated":true}]}}