{"id":115092,"date":"2021-04-17T11:52:50","date_gmt":"2021-04-17T15:52:50","guid":{"rendered":"https:\/\/linitiative.ca\/International\/algerie-poste-la-direction-annonce-des-mesures\/"},"modified":"2021-04-17T11:52:50","modified_gmt":"2021-04-17T15:52:50","slug":"algerie-poste-la-direction-annonce-des-mesures","status":"publish","type":"post","link":"https:\/\/linitiative.ca\/International\/algerie-poste-la-direction-annonce-des-mesures\/","title":{"rendered":"Alg\u00e9rie Poste : La direction annonce des mesures\u00a0"},"content":{"rendered":"<h4 class=\"title-14\"\/>\n<p><strong><em>La direction g\u00e9n\u00e9rale d\u2019Alg\u00e9rie Poste a annonc\u00e9, aujourd\u2019hui samedi 17 avril, un nombre de mesures qui vont dans le sens de la satisfaction des revendications des employ\u00e9s, et qui vont \u00eatre appliqu\u00e9es \u00e0 partir du mois de juillet.<\/em><\/strong><\/p>\n<p>A cet effet, dans un communiqu\u00e9 sign\u00e9e par la directrice g\u00e9n\u00e9rale, Baya Hanoufi, Alg\u00e9rie Poste indique qu\u2019il est question de l\u2019activation du syst\u00e8me d\u2019\u00e9valuation de la PRI\/PRC (prime de rendement individuelle et collective), deux jours de repos pour tous les employ\u00e9s, et ce apr\u00e8s la fin du mois de Ramadhan, r\u00e9gularisation du statut des employ\u00e9s exer\u00e7ant des fonctions non inscrites dans leurs contrats, traiter les cas des employ\u00e9s suspendus dans un d\u00e9lai n\u2019exc\u00e9dant pas les trois mois.<\/p>\n<p>Il faut rappeler que la direction de l\u2019entreprise a signal\u00e9 dans la matin\u00e9e que les gr\u00e9vistes ont repris le travail.<\/p>\n<p>Or, au niveau de plusieurs wilayas la gr\u00e8ve se poursuivait toujours.<\/p>\n<p><span class=\"post-views-label\">Post Views:<\/span> <span class=\"post-views-count\">603<\/span><\/p>\n<p><br class=\"c2\"\/><\/p>\n<div class=\"ichhar-moneytagnative c5\" id=\"ichhar-1371561502\">\n<p>Advertisements<\/p>\n<\/div>\n<p><br class=\"c2\"\/><br \/>\n<br class=\"c6\"\/><\/p>\n<p>Auteur: Mohand Yahiaoui<br \/>\n<a href=\"https:\/\/www.elwatan.com\/edition\/actualite\/algerie-poste-la-direction-annonce-des-mesures-17-04-2021\">Cliquez ici pour lire l&rsquo;article depuis sa source.<\/a><\/p>\n","protected":false},"excerpt":{"rendered":"<p>La direction g\u00e9n\u00e9rale d\u2019Alg\u00e9rie Poste a annonc\u00e9, aujourd\u2019hui samedi 17 avril, un nombre de mesures qui vont dans le sens de la satisfaction des revendications des employ\u00e9s, et qui vont \u00eatre appliqu\u00e9es \u00e0 partir du mois de juillet. A cet effet, dans un communiqu\u00e9 sign\u00e9e par la directrice g\u00e9n\u00e9rale, Baya Hanoufi, Alg\u00e9rie Poste indique qu\u2019il [&hellip;]<\/p>\n","protected":false},"author":1743,"featured_media":0,"comment_status":"closed","ping_status":"closed","sticky":false,"template":"","format":"standard","meta":{"fifu_image_url":"","fifu_image_alt":"","footnotes":""},"categories":[73,53],"tags":[],"class_list":["post-115092","post","type-post","status-publish","format-standard","hentry","category-actualite","category-algerie"],"_links":{"self":[{"href":"https:\/\/linitiative.ca\/International\/wp-json\/wp\/v2\/posts\/115092","targetHints":{"allow":["GET"]}}],"collection":[{"href":"https:\/\/linitiative.ca\/International\/wp-json\/wp\/v2\/posts"}],"about":[{"href":"https:\/\/linitiative.ca\/International\/wp-json\/wp\/v2\/types\/post"}],"author":[{"embeddable":true,"href":"https:\/\/linitiative.ca\/International\/wp-json\/wp\/v2\/users\/1743"}],"replies":[{"embeddable":true,"href":"https:\/\/linitiative.ca\/International\/wp-json\/wp\/v2\/comments?post=115092"}],"version-history":[{"count":0,"href":"https:\/\/linitiative.ca\/International\/wp-json\/wp\/v2\/posts\/115092\/revisions"}],"wp:attachment":[{"href":"https:\/\/linitiative.ca\/International\/wp-json\/wp\/v2\/media?parent=115092"}],"wp:term":[{"taxonomy":"category","embeddable":true,"href":"https:\/\/linitiative.ca\/International\/wp-json\/wp\/v2\/categories?post=115092"},{"taxonomy":"post_tag","embeddable":true,"href":"https:\/\/linitiative.ca\/International\/wp-json\/wp\/v2\/tags?post=115092"}],"curies":[{"name":"wp","href":"https:\/\/api.w.org\/{rel}","templated":true}]}}