{"id":115094,"date":"2021-04-17T04:00:00","date_gmt":"2021-04-17T08:00:00","guid":{"rendered":"https:\/\/linitiative.ca\/International\/othman-kechrid-une-ecole-album-photos\/"},"modified":"2021-04-17T04:00:00","modified_gmt":"2021-04-17T08:00:00","slug":"othman-kechrid-une-ecole-album-photos","status":"publish","type":"post","link":"https:\/\/linitiative.ca\/International\/othman-kechrid-une-ecole-album-photos\/","title":{"rendered":"Othman Kechrid, une \u00e9cole (Album photos)"},"content":{"rendered":"<p><span class=\"c2\"><em><strong>Par Abb\u00e8s Mohsen &#8211;<\/strong><\/em><\/span> Othman Kechrid, qui vient de dispara\u00eetre, \u00e9tait une \u00e9cole du service public. Le voir travailler dans son bureau du minist\u00e8re de l\u2019Int\u00e9rieur \u00e9tait un fascinant spectacle. Inflexible sur l\u2019int\u00e9r\u00eat de l\u2019Etat, il \u00e9tait attentif aux dol\u00e9ances nombreuses qui remontaient jusqu\u2019\u00e0 lui et savait toujours, gr\u00e2ce \u00e0 sa connaissance encyclop\u00e9dique de l\u2019administration, trouver l\u2019issue l\u00e9gale pour aider la famille ou la veuve n\u00e9cessiteuse de l\u2019agent de police, du grad\u00e9 de la Garde nationale ou du commis des services communs.<\/p>\n<p>A la grande \u00e9poque du minist\u00e8re de l\u2019Int\u00e9rieur, c\u2019est lui qui supervisa l\u2019\u00e9laboration des textes cr\u00e9ant la Protection civile, ceux all\u00e9geant la tutelle administrative sur les municipalit\u00e9s et prolongeant le mandat municipal de trois \u00e0 cinq ans, ceux enfin d\u00e9gageant les gouverneurs de toute all\u00e9geance et faisant d\u2019eux les repr\u00e9sentants de l\u2019Etat.<\/p>\n<p>Il n\u2019est peut-\u00eatre pas inutile de rappeler que ces textes ont r\u00e9sist\u00e9 \u00e0 l\u2019usure du temps.<\/p>\n<p>On imagine peu aujourd\u2019hui combien de combats il dut livrer face \u00e0 nos coll\u00e8gues des autres D\u00e9partements pour faire adopter cette l\u00e9gislation. Il le fit avec opini\u00e2tret\u00e9 mais avec une in\u00e9puisable diplomatie. Le respect dont il jouissait rendit facile leur adoption et facilita les arbitrages.<\/p>\n<p>Cela se passait en 1974 -1975. Le plus important \u2014et qu\u2019il ne faut pas oublier\u2014, c\u2019est que Othman Kechrid inaugurait une fonction qui n\u2019existait pas au minist\u00e8re de l\u2019Int\u00e9rieur. Personne alors, sauf le regrett\u00e9 H\u00e9di Nouira, alors Premier ministre, et M. Tahar Belkhodja, ministre de l\u2019Int\u00e9rieur, ne pariait beaucoup sur la r\u00e9ussite de cette innovation.<\/p>\n<p>Titulaire de cette \u00e9tonnante nouvelle fonction, il avait \u00e0 se faire une place dans le triumvirat dominant alors le D\u00e9partement: Affaires r\u00e9gionales et communales, S\u00fbret\u00e9 nationale et Garde nationale. Il s\u2019agissait d\u2019introduire de la s\u00e9r\u00e9nit\u00e9 dans un D\u00e9partement dont les attributions le portaient naturellement \u00e0 \u00eatre sur la br\u00e8che et presque toujours en \u00absurr\u00e9gime\u00bb.<\/p>\n<p>Les immenses connaissances de Si Othman en mati\u00e8re financi\u00e8re et administrative, qui n\u2019occult\u00e8rent pas sa conscience de l\u2019importance des enjeux, sa perception des priorit\u00e9s du gouvernement et son in\u00e9puisable diplomatie firent rapidement de lui un personnage incontournable de la vie du Minist\u00e8re. Il vainquit les f\u00e9odalit\u00e9s par son sens de la mesure et sa capacit\u00e9 d\u2019\u00e9coute.<\/p>\n<p>Il me fit parfois l\u2019honneur de cette confidence : \u00ab Je ne veux pas que le Ministre sente qu\u2019il a un secr\u00e9taire g\u00e9n\u00e9ral, car alors cela prouverait que celui-ci est d\u00e9j\u00e0 un probl\u00e8me. Il r\u00e9ussit si bien cette mission sur laquelle personne ne voulait parier qu\u2019il fut, d\u00e9but 1978, appel\u00e9 \u00e0 la Kasbah au Dar-el-Bey pour assumer aupr\u00e8s du Premier ministre la charge consid\u00e9rable de secr\u00e9taire g\u00e9n\u00e9ral du gouvernement. Je le retrouvais l\u00e0 lorsqu\u2019il eut \u00e0 pr\u00e9sider le comit\u00e9 cr\u00e9\u00e9 \u00e0 cet effet pour pr\u00e9parer le Sommet arabe qui se tint \u00e0 Tunis en 1979 et qui r\u00e9unissait notamment le secr\u00e9taire g\u00e9n\u00e9ral des Affaires \u00e9trang\u00e8res, le directeur g\u00e9n\u00e9ral du Protocole et le gouverneur-pr\u00e9sident du District de Tunis.<\/p>\n<p>Ses exceptionnelles qualit\u00e9s l\u2019appel\u00e8rent bient\u00f4t au minist\u00e8re de l\u2019Int\u00e9rieur au cours de l\u2019\u00e9t\u00e9 1980. Il en fut le ministre dans une p\u00e9riode politique tr\u00e8s tendue qui vit l\u2019attaque de Gafsa par un commando stipendi\u00e9 par les Services de \u00ab pays fr\u00e8res \u00bb. Jamais il ne se d\u00e9partit de son calme ni de sa l\u00e9gendaire courtoisie. Il v\u00e9cut cette \u00e9preuve comme on endure un calvaire mais il y fit face avec courage et dignit\u00e9.<\/p>\n<p>H\u00e9di Nouira, bient\u00f4t emp\u00each\u00e9 par la maladie, d\u00fbt abandonner le gouvernement. Othman Kechrid se retira de la vie publique et consacra les derni\u00e8res ann\u00e9es de sa vie \u00e0 ses amis et \u00e0 sa famille.<\/p>\n<p>Une page de l\u2019histoire de la Tunisie se tournait. Il restera l\u2019exemple du d\u00e9vouement au service public.<\/p>\n<p class=\"c5\"><strong>Abb\u00e8s Mohsen<\/strong><br \/><span class=\"c4\"><em>Ancien gouverneur,<br \/>ancien ambassadeur<\/em><\/span><\/p>\n<p class=\"c6\"><strong>Lire aussi<\/strong><\/p>\n<p class=\"c6\"><a href=\"https:\/\/www.leaders.com.tn\/article\/31720-othman-kechrid-un-pionnier-du-commerce-exterieur\" target=\"_blank\" rel=\"noopener\">Othman Kechrid: Un pionnier du commerce ext\u00e9rieur (Album photos)<\/a><\/p>\n<p class=\"c6\"><a href=\"https:\/\/www.leaders.com.tn\/article\/31692-chekib-nouira-adieu-am-othman\" target=\"_blank\" rel=\"noopener\">Ch\u00e9kib Nouira: Adieu Am Othman (Album photos)<\/a><\/p>\n<p class=\"c6\"><a href=\"https:\/\/www.leaders.com.tn\/article\/31682-othman-kechrid-de-l-instituteur-au-ministre-de-l-interieur-une-belle-carriere-bien-meritee\" target=\"_blank\" rel=\"noopener\">Othman Kechrid: De l\u2019instituteur au ministre de l\u2019Int\u00e9rieur, une belle carri\u00e8re bien m\u00e9rit\u00e9e (Album photos)<\/a><\/p>\n<p><a href=\"https:\/\/www.leaders.com.tn\/article\/31484-l-ancien-ministre-othman-kechrid-est-decede\" target=\"_blank\" rel=\"noopener\">L\u2019ancien ministre Othman Kechrid est d\u00e9c\u00e9d\u00e9<\/a><br \/><a href=\"https:\/\/www.leaders.com.tn\/article\/18925-othman-kechrid\" target=\"_blank\" rel=\"noopener\">Pourquoi Othman Kechrid, 95 ans, ancien ministre de l\u2019Int\u00e9rieur, a \u00e9t\u00e9 convoqu\u00e9 par la Garde nationale ?<\/a><br \/><a href=\"https:\/\/www.leaders.com.tn\/article\/2504-othman-kechrid-merci-dr-zmerli-de-nous-avoir-si-bien-restitue-le-parcours-du-dr-el-okbi\" target=\"_blank\" rel=\"noopener\">Othman Kechrid: Merci, Dr Zmerli, de nous avoir si bien restitu\u00e9 le parcours du Dr El Okbi<\/a><\/p>\n<p>Auteur:<br \/>\n<a href=\"https:\/\/www.leaders.com.tn\/article\/31733-othman-kechrid-une-ecole\">Cliquez ici pour lire l&rsquo;article depuis sa source.<\/a><\/p>\n","protected":false},"excerpt":{"rendered":"<p>Par Abb\u00e8s Mohsen &#8211; Othman Kechrid, qui vient de dispara\u00eetre, \u00e9tait une \u00e9cole du service public. Le voir travailler dans son bureau du minist\u00e8re de l\u2019Int\u00e9rieur \u00e9tait un fascinant spectacle. Inflexible sur l\u2019int\u00e9r\u00eat de l\u2019Etat, il \u00e9tait attentif aux dol\u00e9ances nombreuses qui remontaient jusqu\u2019\u00e0 lui et savait toujours, gr\u00e2ce \u00e0 sa connaissance encyclop\u00e9dique de l\u2019administration, [&hellip;]<\/p>\n","protected":false},"author":1772,"featured_media":0,"comment_status":"closed","ping_status":"closed","sticky":false,"template":"","format":"standard","meta":{"fifu_image_url":"","fifu_image_alt":"","footnotes":""},"categories":[73,55],"tags":[],"class_list":["post-115094","post","type-post","status-publish","format-standard","hentry","category-actualite","category-tunisie"],"_links":{"self":[{"href":"https:\/\/linitiative.ca\/International\/wp-json\/wp\/v2\/posts\/115094","targetHints":{"allow":["GET"]}}],"collection":[{"href":"https:\/\/linitiative.ca\/International\/wp-json\/wp\/v2\/posts"}],"about":[{"href":"https:\/\/linitiative.ca\/International\/wp-json\/wp\/v2\/types\/post"}],"author":[{"embeddable":true,"href":"https:\/\/linitiative.ca\/International\/wp-json\/wp\/v2\/users\/1772"}],"replies":[{"embeddable":true,"href":"https:\/\/linitiative.ca\/International\/wp-json\/wp\/v2\/comments?post=115094"}],"version-history":[{"count":0,"href":"https:\/\/linitiative.ca\/International\/wp-json\/wp\/v2\/posts\/115094\/revisions"}],"wp:attachment":[{"href":"https:\/\/linitiative.ca\/International\/wp-json\/wp\/v2\/media?parent=115094"}],"wp:term":[{"taxonomy":"category","embeddable":true,"href":"https:\/\/linitiative.ca\/International\/wp-json\/wp\/v2\/categories?post=115094"},{"taxonomy":"post_tag","embeddable":true,"href":"https:\/\/linitiative.ca\/International\/wp-json\/wp\/v2\/tags?post=115094"}],"curies":[{"name":"wp","href":"https:\/\/api.w.org\/{rel}","templated":true}]}}