{"id":115103,"date":"2021-04-17T17:00:12","date_gmt":"2021-04-17T21:00:12","guid":{"rendered":"https:\/\/linitiative.ca\/International\/tunisie-mesures-anti-covid-yassine-ayari-dit-au-tunisien-ses-quatre-verites\/"},"modified":"2021-04-17T17:00:12","modified_gmt":"2021-04-17T21:00:12","slug":"tunisie-mesures-anti-covid-yassine-ayari-dit-au-tunisien-ses-quatre-verites","status":"publish","type":"post","link":"https:\/\/linitiative.ca\/International\/tunisie-mesures-anti-covid-yassine-ayari-dit-au-tunisien-ses-quatre-verites\/","title":{"rendered":"Tunisie \u2013 Mesures anti covid\u00a0: Yassine Ayari dit au tunisien ses quatre v\u00e9rit\u00e9s"},"content":{"rendered":"<div class=\"post-cont-in left relative\">\n<div id=\"post-info-wrap\" class=\"left relative post-info-out\">\n<div class=\"post-info-img left relative\"><img decoding=\"async\" alt=\"\" src=\"https:\/\/secure.gravatar.com\/avatar\/047123be9d5e8513774383916ee72db2?s=50&amp;d=mm&amp;r=g\" srcset=\"https:\/\/secure.gravatar.com\/avatar\/047123be9d5e8513774383916ee72db2?s=100&amp;d=mm&amp;r=g 2x\" class=\"avatar avatar-50 photo\" height=\"50\" width=\"50\" loading=\"lazy\"\/><\/div>\n<div class=\"post-info-in\">\n<div class=\"post-info-right left relative post-info-name left relative\"><span><span class=\"post-info-text\">Par<\/span> <span class=\"author-name vcard fn author\"><a href=\"https:\/\/www.tunisienumerique.com\/author\/lm\/\" title=\"Articles par LM\" rel=\"author\">LM<\/a><\/span><\/span> <span class=\"post-date updated\"><time class=\"post-date updated\" datetime=\"2021-04-17\">\u00a0| Il y a 2 minutes<\/time><\/span><br \/>\n<meta itemprop=\"dateModified\" content=\"2021-04-17\"\/><\/div>\n<div class=\"left relative\"><button id=\"listenButton1\" class=\"responsivevoice-button\" type=\"button\" value=\"Play\" title=\"\u00c9coutez l'article\"><span>\ud83d\udd0a \u00c9coutez l&rsquo;article<\/span><\/button>\n<\/div>\n<\/div>\n<\/div>\n<p>Personne n\u2019aurait os\u00e9 dire cela au tunisien. Personne de la classe politique n\u2019aurait risqu\u00e9 hypoth\u00e9quer son capital en rappelant ses \u00e9lecteurs \u00e0 l\u2019ordre. Mais Yassine Ayari a toujours fait l\u2019exception. Il est r\u00e9put\u00e9 pour prendre son r\u00f4le dans la soci\u00e9t\u00e9 tr\u00e8s au s\u00e9rieux et pour ne pas peser ses mots ni ses gestes, pour transmettre le message qu\u2019il juge opportun.<\/p>\n<div class=\"code-block code-block-1 c4\">\n <ins class=\"adsbygoogle c3\" data-ad-layout=\"in-article\" data-ad-format=\"fluid\" data-ad-client=\"ca-pub-2102118777505746\" data-ad-slot=\"7301775417\"\/>\n<\/div>\n<p>Ainsi, et en cette p\u00e9riode o\u00f9 le populisme prime sur tout, dans le domaine de la politique, et o\u00f9 tout le monde se d\u00e9robe \u00e0 ses responsabilit\u00e9s, Yassine Ayari n\u2019a pas h\u00e9sit\u00e9 \u00e0 dire \u00e0 ses \u00e9lecteurs qu\u2019ils feraient mieux de ne pas trop chercher les solutions de facilit\u00e9. Il leur a expliqu\u00e9 pourquoi il ne fallait pas suivre ceux qui pr\u00f4nent le confinement g\u00e9n\u00e9ral, puisqu\u2019un mois de confinement co\u00fbte au contribuable, c\u2019est-\u00e0-dire \u00e0 eux, entre 1000 et 2500 milliards, qu\u2019il faudra ajouter aux dettes du pays, et au d\u00e9ficit budg\u00e9taire.<\/p>\n<p>Il les a appel\u00e9 \u00e0 prendre en consid\u00e9ration ses prochains qui mourront de faim si jamais on leur impose un autre confinement. Il les a pri\u00e9s de ne pas \u00eatre trop \u00e9go\u00efstes en voulant rester chez eux et savourer leurs salaires, car d\u2019autres n\u2019en ont pas de salaire fixe.<\/p>\n<p>Ayari a accus\u00e9 ceux qui tombent dans les solutions de facilit\u00e9 et bouclent le pays indiff\u00e9rents aux cons\u00e9quences \u00e9conomiques de ne pas \u00eatre des hommes d\u2019Etat ni des patriotiques. Il les a accus\u00e9 d\u2019\u00eatre des l\u00e2ches qui fuient leurs responsabilit\u00e9s et engagent des mesures dont ils diff\u00e8reront les cons\u00e9quences pour les gouvernements qui leur succ\u00e9deront.<\/p>\n<p>Yassine Ayari a demand\u00e9 aux tunisiens de commencer par \u00eatre disciplin\u00e9s et de se soumettre aux r\u00e8gles des protocoles sanitaires. Il leur a expliqu\u00e9 qu\u2019ils pouvaient \u00e9viter de sortir au maximum, qu\u2019ils pouvaient prendre leur cong\u00e9 annuel en ce moment, sans vouloir absolument attendre l\u2019\u00e9t\u00e9, car personne ne sait ce qu\u2019il en sera du pays cet \u00e9t\u00e9, si on ne se conforme pas aux directives.<\/p>\n<p>Il a reproch\u00e9 au tunisien d\u2019\u00eatre trop \u00e9go\u00efste, de vouloir d\u00e9fier les lois, de vouloir sortir, de balader, rencontrer des gens, les saluer en les embrassant, mais en contrepartie, il refuse de mettre la main \u00e0 la p\u00e2te, comme pour payer une taxe covid. Il lui a, alors conseill\u00e9 de mettre son masque de protection, d\u2019user du gel d\u00e9sinfectant, de prendre ses distances des autres et de suivre les autres r\u00e8gles des protocoles sanitaires. Puisque ce sont des choses gratuites et futiles devant le gain qu\u2019on peut occasionner \u00e0 tout le monde\u00a0!<\/p>\n<div class=\"swp_social_panel swp_horizontal_panel swp_flat_fresh swp_default_full_color swp_individual_full_color swp_other_full_color scale-100 scale-\" data-min-width=\"1100\" data-float-color=\"#ffffff\" data-float=\"bottom\" data-float-mobile=\"bottom\" data-transition=\"slide\">\n<div class=\"nc_tweetContainer swp_share_button total_shares total_sharesalt\"><span class=\"swp_count\">0 <span class=\"swp_label\">Partages<\/span><\/span><\/div>\n<\/div>\n<p><strong>Que se passe-t-il en Tunisie?<\/strong><br \/>Nous expliquons sur notre <a href=\"https:\/\/www.youtube.com\/channel\/UCRzypVq0B_yBad5eGrwBx0Q?sub_confirmation=1\" target=\"_blank\" rel=\"noopener\">cha\u00eene YouTube<\/a> . <a href=\"https:\/\/www.youtube.com\/channel\/UCRzypVq0B_yBad5eGrwBx0Q?sub_confirmation=1\" target=\"_blank\" rel=\"noopener\">Abonnez-vous!<\/a><\/p>\n<div class=\"mvp-org-wrap\" itemprop=\"publisher\">\n<div class=\"mvp-org-logo\" itemprop=\"logo\"><img decoding=\"async\" src=\"https:\/\/www.tunisienumerique.com\/wp-content\/uploads\/2017\/02\/logo_tunisie_numerique.png\"\/><br \/>\n<meta itemprop=\"url\" content=\"https:\/\/www.tunisienumerique.com\/wp-content\/uploads\/2017\/02\/logo_tunisie_numerique.png\"\/><\/div>\n<p><meta content=\"Tunisie\"\/><\/div>\n<div class=\"mvp-related-posts left relative\">\n<h4 class=\"post-header\"><span class=\"post-header\">Lire aussi<\/span><\/h4>\n<\/div>\n<div id=\"article-ad\">\n <ins class=\"adsbygoogle c5\" data-ad-client=\"ca-pub-2102118777505746\" data-ad-slot=\"6513972734\" data-ad-format=\"auto\" data-full-width-responsive=\"true\"\/>\n<\/div>\n<\/div>\n<div id=\"post-sidebar-wrap\">\n <ins class=\"adsbygoogle c5\" data-ad-client=\"ca-pub-2102118777505746\" data-ad-slot=\"6168283410\" data-ad-format=\"auto\" data-full-width-responsive=\"true\"\/>\n<\/div>\n<p>Auteur: LM<br \/>\n<a href=\"https:\/\/www.tunisienumerique.com\/tunisie-mesures-anti-covid-yassine-ayari-dit-au-tunisien-ses-quatre-verites\/\">Cliquez ici pour lire l&rsquo;article depuis sa source.<\/a><\/p>\n","protected":false},"excerpt":{"rendered":"<p>Par LM \u00a0| Il y a 2 minutes \ud83d\udd0a \u00c9coutez l&rsquo;article Personne n\u2019aurait os\u00e9 dire cela au tunisien. Personne de la classe politique n\u2019aurait risqu\u00e9 hypoth\u00e9quer son capital en rappelant ses \u00e9lecteurs \u00e0 l\u2019ordre. Mais Yassine Ayari a toujours fait l\u2019exception. Il est r\u00e9put\u00e9 pour prendre son r\u00f4le dans la soci\u00e9t\u00e9 tr\u00e8s au s\u00e9rieux et [&hellip;]<\/p>\n","protected":false},"author":1789,"featured_media":0,"comment_status":"closed","ping_status":"closed","sticky":false,"template":"","format":"standard","meta":{"fifu_image_url":"https:\/\/secure.gravatar.com\/avatar\/047123be9d5e8513774383916ee72db2?s=50&d=mm&r=g","fifu_image_alt":"Tunisie \u2013 Mesures anti covid\u00a0: Yassine Ayari dit au tunisien ses quatre v\u00e9rit\u00e9s","footnotes":""},"categories":[73,55],"tags":[],"class_list":["post-115103","post","type-post","status-publish","format-standard","hentry","category-actualite","category-tunisie"],"_links":{"self":[{"href":"https:\/\/linitiative.ca\/International\/wp-json\/wp\/v2\/posts\/115103","targetHints":{"allow":["GET"]}}],"collection":[{"href":"https:\/\/linitiative.ca\/International\/wp-json\/wp\/v2\/posts"}],"about":[{"href":"https:\/\/linitiative.ca\/International\/wp-json\/wp\/v2\/types\/post"}],"author":[{"embeddable":true,"href":"https:\/\/linitiative.ca\/International\/wp-json\/wp\/v2\/users\/1789"}],"replies":[{"embeddable":true,"href":"https:\/\/linitiative.ca\/International\/wp-json\/wp\/v2\/comments?post=115103"}],"version-history":[{"count":0,"href":"https:\/\/linitiative.ca\/International\/wp-json\/wp\/v2\/posts\/115103\/revisions"}],"wp:attachment":[{"href":"https:\/\/linitiative.ca\/International\/wp-json\/wp\/v2\/media?parent=115103"}],"wp:term":[{"taxonomy":"category","embeddable":true,"href":"https:\/\/linitiative.ca\/International\/wp-json\/wp\/v2\/categories?post=115103"},{"taxonomy":"post_tag","embeddable":true,"href":"https:\/\/linitiative.ca\/International\/wp-json\/wp\/v2\/tags?post=115103"}],"curies":[{"name":"wp","href":"https:\/\/api.w.org\/{rel}","templated":true}]}}