{"id":115104,"date":"2021-04-17T17:04:41","date_gmt":"2021-04-17T21:04:41","guid":{"rendered":"https:\/\/linitiative.ca\/International\/tunisie-coronavirus-suspension-des-cours-dans-les-etablissements-de-formation-professionnelle\/"},"modified":"2021-04-17T17:04:41","modified_gmt":"2021-04-17T21:04:41","slug":"tunisie-coronavirus-suspension-des-cours-dans-les-etablissements-de-formation-professionnelle","status":"publish","type":"post","link":"https:\/\/linitiative.ca\/International\/tunisie-coronavirus-suspension-des-cours-dans-les-etablissements-de-formation-professionnelle\/","title":{"rendered":"Tunisie-Coronavirus: Suspension des cours dans les \u00e9tablissements de formation professionnelle"},"content":{"rendered":"<div class=\"post-cont-in left relative\">\n<div id=\"post-info-wrap\" class=\"left relative post-info-out\">\n<div class=\"post-info-img left relative\"><img decoding=\"async\" alt=\"\" src=\"https:\/\/secure.gravatar.com\/avatar\/ea481d7287ad38ca1787f44b5bb1b70e?s=50&amp;d=mm&amp;r=g\" srcset=\"https:\/\/secure.gravatar.com\/avatar\/ea481d7287ad38ca1787f44b5bb1b70e?s=100&amp;d=mm&amp;r=g 2x\" class=\"avatar avatar-50 photo\" height=\"50\" width=\"50\" loading=\"lazy\"\/><\/div>\n<div class=\"post-info-in\">\n<div class=\"post-info-right left relative post-info-name left relative\"><span><span class=\"post-info-text\">Par<\/span> <span class=\"author-name vcard fn author\"><a href=\"https:\/\/www.tunisienumerique.com\/author\/rania-ben-slimane\/\" title=\"Articles par rania ben slimane\" rel=\"author\">rania ben slimane<\/a><\/span><\/span> <span class=\"post-date updated\"><time class=\"post-date updated\" datetime=\"2021-04-17\">\u00a0| Il y a 2 minutes<\/time><\/span><br \/>\n<meta itemprop=\"dateModified\" content=\"2021-04-17\"\/><\/div>\n<div class=\"left relative\"><button id=\"listenButton1\" class=\"responsivevoice-button\" type=\"button\" value=\"Play\" title=\"\u00c9coutez l'article\"><span>\ud83d\udd0a \u00c9coutez l&rsquo;article<\/span><\/button>\n<\/div>\n<\/div>\n<\/div>\n<p>Le minist\u00e8re de la Jeunesse, des Sports et de l\u2019Int\u00e9gration Professionnelle a annonc\u00e9 dans un communiqu\u00e9 rendu public le 17 avril 2021, la suspension des cours dans tous les \u00e9tablissements de formation professionnelle publics et priv\u00e9s et ce \u00e0 partir du 18 avril jusqu\u2019au 30 avril 2021.<\/p>\n<div class=\"code-block code-block-1 c4\">\n <ins class=\"adsbygoogle c3\" data-ad-layout=\"in-article\" data-ad-format=\"fluid\" data-ad-client=\"ca-pub-2102118777505746\" data-ad-slot=\"7301775417\"\/>\n<\/div>\n<p>Cette d\u00e9cision intervient dans le cadre de l\u2019application <a href=\"https:\/\/www.tunisienumerique.com\/comite-scientifique-de-lutte-contre-le-coronavirus-en-direct-mise-a-jour-des-mesures-sanitaires-2\/\">des nouvelles mesures annonc\u00e9es cet apr\u00e8s-midi par le Comit\u00e9 Scientifique de Lutte contre le Coronavirus<\/a> pour briser les chaines de contaminations, notamment dans le milieu scolaire.<\/p>\n<p><img decoding=\"async\" loading=\"lazy\" class=\"alignnone size-full wp-image-652854\" src=\"https:\/\/www.tunisienumerique.com\/wp-content\/uploads\/2021\/04\/communique-ministere-de-la-jeunesse-1.jpg\" alt=\"\" width=\"600\" height=\"848\"\/><img decoding=\"async\" loading=\"lazy\" class=\"alignnone size-full wp-image-652853\" src=\"https:\/\/www.tunisienumerique.com\/wp-content\/uploads\/2021\/04\/communique-ministere-de-la-jeunesse.jpg\" alt=\"\" width=\"1241\" height=\"1755\" srcset=\"https:\/\/www.tunisienumerique.com\/wp-content\/uploads\/2021\/04\/communique-ministere-de-la-jeunesse.jpg 1241w, https:\/\/www.tunisienumerique.com\/wp-content\/uploads\/2021\/04\/communique-ministere-de-la-jeunesse-768x1086.jpg 768w, https:\/\/www.tunisienumerique.com\/wp-content\/uploads\/2021\/04\/communique-ministere-de-la-jeunesse-600x849.jpg 600w, https:\/\/www.tunisienumerique.com\/wp-content\/uploads\/2021\/04\/communique-ministere-de-la-jeunesse-1086x1536.jpg 1086w\" sizes=\"auto, (max-width: 1241px) 100vw, 1241px\"\/><\/p>\n<div class=\"swp_social_panel swp_horizontal_panel swp_flat_fresh swp_default_full_color swp_individual_full_color swp_other_full_color scale-100 scale-\" data-min-width=\"1100\" data-float-color=\"#ffffff\" data-float=\"bottom\" data-float-mobile=\"bottom\" data-transition=\"slide\">\n<div class=\"nc_tweetContainer swp_share_button total_shares total_sharesalt\"><span class=\"swp_count\">0 <span class=\"swp_label\">Partages<\/span><\/span><\/div>\n<\/div>\n<p><strong>Que se passe-t-il en Tunisie?<\/strong><br \/>Nous expliquons sur notre <a href=\"https:\/\/www.youtube.com\/channel\/UCRzypVq0B_yBad5eGrwBx0Q?sub_confirmation=1\" target=\"_blank\" rel=\"noopener\">cha\u00eene YouTube<\/a> . <a href=\"https:\/\/www.youtube.com\/channel\/UCRzypVq0B_yBad5eGrwBx0Q?sub_confirmation=1\" target=\"_blank\" rel=\"noopener\">Abonnez-vous!<\/a><\/p>\n<div class=\"mvp-org-wrap\" itemprop=\"publisher\">\n<div class=\"mvp-org-logo\" itemprop=\"logo\"><img decoding=\"async\" src=\"https:\/\/www.tunisienumerique.com\/wp-content\/uploads\/2017\/02\/logo_tunisie_numerique.png\"\/><br \/>\n<meta itemprop=\"url\" content=\"https:\/\/www.tunisienumerique.com\/wp-content\/uploads\/2017\/02\/logo_tunisie_numerique.png\"\/><\/div>\n<p><meta content=\"Tunisie\"\/><\/div>\n<div class=\"mvp-related-posts left relative\">\n<h4 class=\"post-header\"><span class=\"post-header\">Lire aussi<\/span><\/h4>\n<\/div>\n<div id=\"article-ad\">\n <ins class=\"adsbygoogle c5\" data-ad-client=\"ca-pub-2102118777505746\" data-ad-slot=\"6513972734\" data-ad-format=\"auto\" data-full-width-responsive=\"true\"\/>\n<\/div>\n<\/div>\n<div id=\"post-sidebar-wrap\">\n <ins class=\"adsbygoogle c5\" data-ad-client=\"ca-pub-2102118777505746\" data-ad-slot=\"6168283410\" data-ad-format=\"auto\" data-full-width-responsive=\"true\"\/>\n<\/div>\n<p>Auteur: rania ben slimane<br \/>\n<a href=\"https:\/\/www.tunisienumerique.com\/tunisie-coronavirus-suspension-des-cours-dans-les-etablissements-de-formation-professionnelle\/\">Cliquez ici pour lire l&rsquo;article depuis sa source.<\/a><\/p>\n","protected":false},"excerpt":{"rendered":"<p>Par rania ben slimane \u00a0| Il y a 2 minutes \ud83d\udd0a \u00c9coutez l&rsquo;article Le minist\u00e8re de la Jeunesse, des Sports et de l\u2019Int\u00e9gration Professionnelle a annonc\u00e9 dans un communiqu\u00e9 rendu public le 17 avril 2021, la suspension des cours dans tous les \u00e9tablissements de formation professionnelle publics et priv\u00e9s et ce \u00e0 partir du 18 [&hellip;]<\/p>\n","protected":false},"author":1789,"featured_media":0,"comment_status":"closed","ping_status":"closed","sticky":false,"template":"","format":"standard","meta":{"fifu_image_url":"https:\/\/secure.gravatar.com\/avatar\/ea481d7287ad38ca1787f44b5bb1b70e?s=50&d=mm&r=g","fifu_image_alt":"Tunisie-Coronavirus: Suspension des cours dans les \u00e9tablissements de formation professionnelle","footnotes":""},"categories":[73,55],"tags":[],"class_list":["post-115104","post","type-post","status-publish","format-standard","hentry","category-actualite","category-tunisie"],"_links":{"self":[{"href":"https:\/\/linitiative.ca\/International\/wp-json\/wp\/v2\/posts\/115104","targetHints":{"allow":["GET"]}}],"collection":[{"href":"https:\/\/linitiative.ca\/International\/wp-json\/wp\/v2\/posts"}],"about":[{"href":"https:\/\/linitiative.ca\/International\/wp-json\/wp\/v2\/types\/post"}],"author":[{"embeddable":true,"href":"https:\/\/linitiative.ca\/International\/wp-json\/wp\/v2\/users\/1789"}],"replies":[{"embeddable":true,"href":"https:\/\/linitiative.ca\/International\/wp-json\/wp\/v2\/comments?post=115104"}],"version-history":[{"count":0,"href":"https:\/\/linitiative.ca\/International\/wp-json\/wp\/v2\/posts\/115104\/revisions"}],"wp:attachment":[{"href":"https:\/\/linitiative.ca\/International\/wp-json\/wp\/v2\/media?parent=115104"}],"wp:term":[{"taxonomy":"category","embeddable":true,"href":"https:\/\/linitiative.ca\/International\/wp-json\/wp\/v2\/categories?post=115104"},{"taxonomy":"post_tag","embeddable":true,"href":"https:\/\/linitiative.ca\/International\/wp-json\/wp\/v2\/tags?post=115104"}],"curies":[{"name":"wp","href":"https:\/\/api.w.org\/{rel}","templated":true}]}}