{"id":115106,"date":"2021-04-17T12:29:11","date_gmt":"2021-04-17T16:29:11","guid":{"rendered":"https:\/\/linitiative.ca\/International\/communaute-musulmane-du-burkina-aboudramane-sana-le-president-sortant-refuse-de-laisser-la-place\/"},"modified":"2021-04-17T12:29:11","modified_gmt":"2021-04-17T16:29:11","slug":"communaute-musulmane-du-burkina-aboudramane-sana-le-president-sortant-refuse-de-laisser-la-place","status":"publish","type":"post","link":"https:\/\/linitiative.ca\/International\/communaute-musulmane-du-burkina-aboudramane-sana-le-president-sortant-refuse-de-laisser-la-place\/","title":{"rendered":"Communaut\u00e9 musulmane du Burkina: Aboudramane Sana, le pr\u00e9sident sortant refuse de laisser la place"},"content":{"rendered":"<div class=\"td-post-featured-image\"><a href=\"https:\/\/www.sidwaya.info\/wp-content\/uploads\/2021\/04\/mok.jpeg\" data-caption=\"\"><img loading=\"lazy\" decoding=\"async\" width=\"696\" height=\"522\" class=\"entry-thumb td-modal-image\" src=\"https:\/\/www.sidwaya.info\/wp-content\/uploads\/2021\/04\/mok-696x522.jpeg\" srcset=\"https:\/\/www.sidwaya.info\/wp-content\/uploads\/2021\/04\/mok-696x522.jpeg 696w, https:\/\/www.sidwaya.info\/wp-content\/uploads\/2021\/04\/mok-300x225.jpeg 300w, https:\/\/www.sidwaya.info\/wp-content\/uploads\/2021\/04\/mok-768x576.jpeg 768w, https:\/\/www.sidwaya.info\/wp-content\/uploads\/2021\/04\/mok-150x113.jpeg 150w, https:\/\/www.sidwaya.info\/wp-content\/uploads\/2021\/04\/mok-560x420.jpeg 560w, https:\/\/www.sidwaya.info\/wp-content\/uploads\/2021\/04\/mok-80x60.jpeg 80w, https:\/\/www.sidwaya.info\/wp-content\/uploads\/2021\/04\/mok-265x198.jpeg 265w, https:\/\/www.sidwaya.info\/wp-content\/uploads\/2021\/04\/mok.jpeg 900w\" sizes=\"auto, (max-width: 696px) 100vw, 696px\" alt=\"\" title=\"mok\"\/><\/a><\/div>\n<p>Aboudramane Sana, le pr\u00e9sident sortant de la communaut\u00e9\u0301 refuse de laisser la place a\u0300 son successeur. En effet dans la matin\u00e9e du samedi 17 Avril, le nouveau pr\u00e9sident Omar Sana de la communaut\u00e9\u0301 musulmane du Burkina devait \u00eatre installe\u0301, mais le camp du pr\u00e9sident sortant s\u2019oppose a\u0300 cette installation.\u00a0\u00a0\u00a0\u00a0\u00a0 Les forces de l\u2019ordre sont donc intervenues et ont proc\u00e8de\u0301 a\u0300 des arrestations.\u00a0 Une concertation serait en cours afin de trouver une porte de sortie.<\/p>\n<p>R.I<\/p>\n<div class=\"td-a-rec td-a-rec-id-content_bottom tdi_33_558 td_block_template_1\">\n<p><img loading=\"lazy\" decoding=\"async\" class=\"aligncenter size-full wp-image-27454\" src=\"https:\/\/www.sidwaya.info\/wp-content\/uploads\/2020\/10\/PUB-Bandeau-paiement-mobile-siteweb.jpg\" alt=\"\" width=\"728\" height=\"90\"\/><\/div>\n<p>Auteur: BS. Sidwaya<br \/>\n<a href=\"https:\/\/www.sidwaya.info\/blog\/2021\/04\/17\/communaute-musulmane-du-burkina-aboudramane-sana-le-president-sortant-refuse-de-laisser-la-place\/\">Cliquez ici pour lire l&rsquo;article depuis sa source.<\/a><\/p>\n","protected":false},"excerpt":{"rendered":"<p>Aboudramane Sana, le pr\u00e9sident sortant de la communaut\u00e9\u0301 refuse de laisser la place a\u0300 son successeur. En effet dans la matin\u00e9e du samedi 17 Avril, le nouveau pr\u00e9sident Omar Sana de la communaut\u00e9\u0301 musulmane du Burkina devait \u00eatre installe\u0301, mais le camp du pr\u00e9sident sortant s\u2019oppose a\u0300 cette installation.\u00a0\u00a0\u00a0\u00a0\u00a0 Les forces de l\u2019ordre sont donc [&hellip;]<\/p>\n","protected":false},"author":1816,"featured_media":0,"comment_status":"closed","ping_status":"closed","sticky":false,"template":"","format":"standard","meta":{"fifu_image_url":"https:\/\/www.sidwaya.info\/wp-content\/uploads\/2021\/04\/mok-696x522.jpeg","fifu_image_alt":"Communaut\u00e9 musulmane du Burkina: Aboudramane Sana, le pr\u00e9sident sortant refuse de laisser la place","footnotes":""},"categories":[73,81],"tags":[],"class_list":["post-115106","post","type-post","status-publish","format-standard","hentry","category-actualite","category-burkina-faso"],"_links":{"self":[{"href":"https:\/\/linitiative.ca\/International\/wp-json\/wp\/v2\/posts\/115106","targetHints":{"allow":["GET"]}}],"collection":[{"href":"https:\/\/linitiative.ca\/International\/wp-json\/wp\/v2\/posts"}],"about":[{"href":"https:\/\/linitiative.ca\/International\/wp-json\/wp\/v2\/types\/post"}],"author":[{"embeddable":true,"href":"https:\/\/linitiative.ca\/International\/wp-json\/wp\/v2\/users\/1816"}],"replies":[{"embeddable":true,"href":"https:\/\/linitiative.ca\/International\/wp-json\/wp\/v2\/comments?post=115106"}],"version-history":[{"count":0,"href":"https:\/\/linitiative.ca\/International\/wp-json\/wp\/v2\/posts\/115106\/revisions"}],"wp:attachment":[{"href":"https:\/\/linitiative.ca\/International\/wp-json\/wp\/v2\/media?parent=115106"}],"wp:term":[{"taxonomy":"category","embeddable":true,"href":"https:\/\/linitiative.ca\/International\/wp-json\/wp\/v2\/categories?post=115106"},{"taxonomy":"post_tag","embeddable":true,"href":"https:\/\/linitiative.ca\/International\/wp-json\/wp\/v2\/tags?post=115106"}],"curies":[{"name":"wp","href":"https:\/\/api.w.org\/{rel}","templated":true}]}}