{"id":115108,"date":"2021-04-17T06:18:02","date_gmt":"2021-04-17T10:18:02","guid":{"rendered":"https:\/\/linitiative.ca\/International\/le-maroc-octroie-une-aide-humanitaire-au-profit-des-forces-armees-libanaises\/"},"modified":"2021-04-17T06:18:02","modified_gmt":"2021-04-17T10:18:02","slug":"le-maroc-octroie-une-aide-humanitaire-au-profit-des-forces-armees-libanaises","status":"publish","type":"post","link":"https:\/\/linitiative.ca\/International\/le-maroc-octroie-une-aide-humanitaire-au-profit-des-forces-armees-libanaises\/","title":{"rendered":"Le Maroc octroie une aide humanitaire au profit des forces arm\u00e9es libanaises"},"content":{"rendered":"<div readability=\"32\">\n<p>Publi\u00e9 le 17.04.2021 \u00e0 11h18 par APA News<\/p>\n<\/div>\n<div readability=\"44\">\n<p>Le Roi Mohammed VI a bien voulu donner sa haute approbation pour faire un don royal personnel sous forme d\u2019aides alimentaires au profit des forces arm\u00e9es libanaises et du peuple libanais, annonce vendredi communiqu\u00e9 de l\u2019Etat-major g\u00e9n\u00e9ral des Forces Arm\u00e9es Royales (FAR).L\u2019acheminement de ces aides vers le Liban sera assur\u00e9 par des avions militaires marocains, pr\u00e9cise un communiqu\u00e9.<\/p>\n<p>\u00ab Cette d\u00e9cision royale intervient en r\u00e9ponse \u00e0 une demande formul\u00e9e par la partie libanaise, et dans le cadre de la solidarit\u00e9 avec ce pays fr\u00e8re, afin de lui permettre de faire face aux d\u00e9fis \u00e9conomiques et aux r\u00e9percussions de la pand\u00e9mie de COVID-19 \u00bb, conclut la m\u00eame source.<\/p>\n<\/div>\n<p>Auteur: APA News<br \/>\n<a href=\"https:\/\/www.journalducameroun.com\/le-maroc-octroie-une-aide-humanitaire-au-profit-des-forces-armees-libanaises\/\">Cliquez ici pour lire l&rsquo;article depuis sa source.<\/a><\/p>\n","protected":false},"excerpt":{"rendered":"<p>Publi\u00e9 le 17.04.2021 \u00e0 11h18 par APA News Le Roi Mohammed VI a bien voulu donner sa haute approbation pour faire un don royal personnel sous forme d\u2019aides alimentaires au profit des forces arm\u00e9es libanaises et du peuple libanais, annonce vendredi communiqu\u00e9 de l\u2019Etat-major g\u00e9n\u00e9ral des Forces Arm\u00e9es Royales (FAR).L\u2019acheminement de ces aides vers le [&hellip;]<\/p>\n","protected":false},"author":1965,"featured_media":0,"comment_status":"closed","ping_status":"closed","sticky":false,"template":"","format":"standard","meta":{"fifu_image_url":"","fifu_image_alt":"","footnotes":""},"categories":[73,82],"tags":[],"class_list":["post-115108","post","type-post","status-publish","format-standard","hentry","category-actualite","category-cameroun"],"_links":{"self":[{"href":"https:\/\/linitiative.ca\/International\/wp-json\/wp\/v2\/posts\/115108","targetHints":{"allow":["GET"]}}],"collection":[{"href":"https:\/\/linitiative.ca\/International\/wp-json\/wp\/v2\/posts"}],"about":[{"href":"https:\/\/linitiative.ca\/International\/wp-json\/wp\/v2\/types\/post"}],"author":[{"embeddable":true,"href":"https:\/\/linitiative.ca\/International\/wp-json\/wp\/v2\/users\/1965"}],"replies":[{"embeddable":true,"href":"https:\/\/linitiative.ca\/International\/wp-json\/wp\/v2\/comments?post=115108"}],"version-history":[{"count":0,"href":"https:\/\/linitiative.ca\/International\/wp-json\/wp\/v2\/posts\/115108\/revisions"}],"wp:attachment":[{"href":"https:\/\/linitiative.ca\/International\/wp-json\/wp\/v2\/media?parent=115108"}],"wp:term":[{"taxonomy":"category","embeddable":true,"href":"https:\/\/linitiative.ca\/International\/wp-json\/wp\/v2\/categories?post=115108"},{"taxonomy":"post_tag","embeddable":true,"href":"https:\/\/linitiative.ca\/International\/wp-json\/wp\/v2\/tags?post=115108"}],"curies":[{"name":"wp","href":"https:\/\/api.w.org\/{rel}","templated":true}]}}