{"id":115109,"date":"2021-04-17T06:18:02","date_gmt":"2021-04-17T10:18:02","guid":{"rendered":"https:\/\/linitiative.ca\/International\/social-et-sante-meublent-la-une-des-hebdomadaires-marocains\/"},"modified":"2021-04-17T06:18:02","modified_gmt":"2021-04-17T10:18:02","slug":"social-et-sante-meublent-la-une-des-hebdomadaires-marocains","status":"publish","type":"post","link":"https:\/\/linitiative.ca\/International\/social-et-sante-meublent-la-une-des-hebdomadaires-marocains\/","title":{"rendered":"Social et sant\u00e9 meublent la Une des hebdomadaires marocains"},"content":{"rendered":"<div readability=\"32\">\n<p>Publi\u00e9 le 17.04.2021 \u00e0 11h18 par APA News<\/p>\n<\/div>\n<div readability=\"107\">\n<p>La g\u00e9n\u00e9ralisation de la protection sociale et la lutte contre l\u2019\u00e9pid\u00e9mie de coronavirus au Maroc sont les principaux sujets trait\u00e9s par les hebdomadaires marocains parus ce samedi.+La Vie Eco+ \u00e9crit que le chantier Royal pour la g\u00e9n\u00e9ralisation de la protection sociale s\u2019inscrit exactement dans le prolongement d\u2019un autre chantier d\u2019envergure entam\u00e9 en 2004.<\/p>\n<p>\u00ab Lorsqu\u2019on a \u00e9voqu\u00e9 l\u2019AMO en 2002, cela semblait relever plus de l\u2019impossible. Des ann\u00e9es plus tard, les r\u00e9sultats sont aujourd\u2019hui l\u00e0 et incontestables \u00bb, indique la publication, notant que des filets sociaux universels et institutionnels font en sorte que le citoyen b\u00e9n\u00e9ficiaire ne soit plus d\u00e9pendant de la bonne volont\u00e9 ou des moyens de bienfaiteurs, associations et m\u00e9c\u00e8nes.<\/p>\n<p>Et c\u2019est justement dans ce sens que le chantier de la g\u00e9n\u00e9ralisation de la protection rev\u00eat toute son importance puisqu\u2019il vise \u00e0 l\u2019instauration d\u2019un filet social universel, fait savoir le journal, relevant que l\u2019effort collectif, \u00e0 travers l\u2019imp\u00f4t, est in\u00e9vitable pour le financement d\u2019un tel chantier qui n\u00e9cessitera 51 milliards de DH par an.<\/p>\n<p>L\u2019int\u00e9gration de millions de m\u00e9nages dans la sph\u00e8re formelle des services de sant\u00e9 \u00e0 travers des cotisations, des prestations et des proc\u00e9dures administratives pourrait finalement s\u2019av\u00e9rer \u00eatre un meilleur antidote contre l\u2019informel qui g\u00e9n\u00e8re \u00e9ternellement les poches de vuln\u00e9rabilit\u00e9, estime-t-il.<\/p>\n<p>Pour sa part, +La Nouvelle Tribune+ souligne que \u00ab la couverture sociale universelle rel\u00e8ve de l\u2019int\u00e9r\u00eat sup\u00e9rieur de la Nation et l\u2019initiative royale l\u2019indique avec force ! \u00bb.<\/p>\n<p>L\u2019initiative royale signifie \u00e9galement que le Roi Mohammed VI, parfaitement au fait des blocages structurels qui affectent le dialogue social, veut d\u00e9passer ces attitudes corporatistes ou partisanes afin de permettre de donner \u00e0 cette r\u00e9forme la priorit\u00e9 qu\u2019elle m\u00e9rite pleinement, explique l\u2019hebdomadaire, soutenant que la couverture sociale universelle est un chantier de r\u00e8gne et traduit l\u2019engagement du Souverain de satisfaire les besoins et les attentes des secteurs les plus d\u00e9favoris\u00e9s de la population.<\/p>\n<p>\u00ab Avec ce Big Bang social, un pas immense aura \u00e9t\u00e9 accompli au b\u00e9n\u00e9fice des d\u00e9munis et chacun saura qui en aura assum\u00e9 la vraie paternit\u00e9\u2026 \u00bb, assure-t-il.<\/p>\n<p>Sur un autre registre, +L\u2019Observateur du Maroc et d\u2019Afrique+ \u00e9crit qu\u2019apr\u00e8s l\u2019\u00e9preuve du je\u00fbne, pendant le jour, les Marocains sont appel\u00e9s \u00e0 rester chez eux, le soir, pour \u00e9viter tout risque de rel\u00e2chement, ajoutant que les citoyens, dans leur \u00e9crasante majorit\u00e9, font preuve d\u2019un sens appr\u00e9ciable de responsabilit\u00e9.<\/p>\n<p>Ramadan ou pas, les gestes barri\u00e8res restent la premi\u00e8re arme de combat, et \u00e0 coup s\u00fbr la plus efficace, face \u00e0 la Covid-19, ajoute la publication, rappelant que de nouveaux lots de vaccins sont attendus pour que l\u2019op\u00e9ration de vaccination puisse se poursuivre dans les d\u00e9lais impartis en vue d\u2019atteindre l\u2019immunit\u00e9 collective.<\/p>\n<p>\u00ab En attendant, chaque Marocain a le devoir envers lui-m\u00eame et envers les siens de faire bien attention aux questions sanitaires \u00bb, observe-t-il.<\/p>\n<\/div>\n<p>Auteur: APA News<br \/>\n<a href=\"https:\/\/www.journalducameroun.com\/social-et-sante-meublent-la-une-des-hebdomadaires-marocains\/\">Cliquez ici pour lire l&rsquo;article depuis sa source.<\/a><\/p>\n","protected":false},"excerpt":{"rendered":"<p>Publi\u00e9 le 17.04.2021 \u00e0 11h18 par APA News La g\u00e9n\u00e9ralisation de la protection sociale et la lutte contre l\u2019\u00e9pid\u00e9mie de coronavirus au Maroc sont les principaux sujets trait\u00e9s par les hebdomadaires marocains parus ce samedi.+La Vie Eco+ \u00e9crit que le chantier Royal pour la g\u00e9n\u00e9ralisation de la protection sociale s\u2019inscrit exactement dans le prolongement d\u2019un [&hellip;]<\/p>\n","protected":false},"author":1965,"featured_media":0,"comment_status":"closed","ping_status":"closed","sticky":false,"template":"","format":"standard","meta":{"fifu_image_url":"","fifu_image_alt":"","footnotes":""},"categories":[73,82],"tags":[],"class_list":["post-115109","post","type-post","status-publish","format-standard","hentry","category-actualite","category-cameroun"],"_links":{"self":[{"href":"https:\/\/linitiative.ca\/International\/wp-json\/wp\/v2\/posts\/115109","targetHints":{"allow":["GET"]}}],"collection":[{"href":"https:\/\/linitiative.ca\/International\/wp-json\/wp\/v2\/posts"}],"about":[{"href":"https:\/\/linitiative.ca\/International\/wp-json\/wp\/v2\/types\/post"}],"author":[{"embeddable":true,"href":"https:\/\/linitiative.ca\/International\/wp-json\/wp\/v2\/users\/1965"}],"replies":[{"embeddable":true,"href":"https:\/\/linitiative.ca\/International\/wp-json\/wp\/v2\/comments?post=115109"}],"version-history":[{"count":0,"href":"https:\/\/linitiative.ca\/International\/wp-json\/wp\/v2\/posts\/115109\/revisions"}],"wp:attachment":[{"href":"https:\/\/linitiative.ca\/International\/wp-json\/wp\/v2\/media?parent=115109"}],"wp:term":[{"taxonomy":"category","embeddable":true,"href":"https:\/\/linitiative.ca\/International\/wp-json\/wp\/v2\/categories?post=115109"},{"taxonomy":"post_tag","embeddable":true,"href":"https:\/\/linitiative.ca\/International\/wp-json\/wp\/v2\/tags?post=115109"}],"curies":[{"name":"wp","href":"https:\/\/api.w.org\/{rel}","templated":true}]}}