{"id":115110,"date":"2021-04-17T06:18:02","date_gmt":"2021-04-17T10:18:02","guid":{"rendered":"https:\/\/linitiative.ca\/International\/afrique-86-des-migrants-restent-dans-le-continent-chercheur\/"},"modified":"2021-04-17T06:18:02","modified_gmt":"2021-04-17T10:18:02","slug":"afrique-86-des-migrants-restent-dans-le-continent-chercheur","status":"publish","type":"post","link":"https:\/\/linitiative.ca\/International\/afrique-86-des-migrants-restent-dans-le-continent-chercheur\/","title":{"rendered":"Afrique : 86% des migrants restent dans le continent (chercheur)"},"content":{"rendered":"<div readability=\"32\">\n<p>Publi\u00e9 le 17.04.2021 \u00e0 11h18 par APA News<\/p>\n<\/div>\n<div readability=\"100\">\n<p>Une infime partie des migrants africains sortent du continent, r\u00e9v\u00e8le Dr Ibrahima Kane.Le chercheur \u00e0 la Fondation \u00ab Open society initiative for west africa \u00bb (Osiwa) remet en cause l\u2019id\u00e9e selon laquelle les Africains se d\u00e9placent majoritairement hors du continent.<\/p>\n<p>\u00ab Sur 100 Africains qui se d\u00e9placent, 86% le font \u00e0 l\u2019int\u00e9rieur de l\u2019Afrique. Seuls 14% des migrants africains se d\u00e9placent hors du continent. Ces derniers se d\u00e9placent majoritairement au Moyen-Orient et dans le reste de l\u2019Asie et non en Europe comme on veut nous le faire croire \u00bb, a soutenu Dr Kane.<\/p>\n<p>Il a soulign\u00e9 que 2% des migrants africains sont irr\u00e9guliers et que l\u2019Afrique repr\u00e9sente 3% de la migration mondiale.<\/p>\n<p>\u00ab La gestion de la migration passe par la gestion de la diversit\u00e9 culturelle, d\u2019o\u00f9 la n\u00e9cessit\u00e9 d\u2019apprendre des bonnes pratiques \u00bb, a-t-il recommand\u00e9, vendredi \u00e0 Dakar, lors d\u2019une rencontre sur \u00ab Les routes de la migration africaine \u00bb organis\u00e9e par l\u2019Initiative prospective agricole et rurale (Ipar) et le Laboratoire mixte international Movida.<\/p>\n<p>Malheureusement, a d\u00e9plor\u00e9 Dr Ibrahima Kane, \u00ab beaucoup d\u2019Etats ouest africains n\u2019ont pas de politiques migratoires \u00bb et que les textes de la Communaut\u00e9 \u00e9conomique des Etats de l\u2019Afrique de l\u2019ouest (Cedeao) relatifs \u00e0 la migration ne sont pas appliqu\u00e9s.<\/p>\n<p>Se pronon\u00e7ant sur la diversit\u00e9 des chiffres sur les migrants, Dr Cheikh Oumar B\u00e2, Directeur ex\u00e9cutif de l\u2019Ipar a plaid\u00e9 pour leur harmonisation. \u00ab Pour ce faire, la recherche doit aider \u00e0 avoir une bonne base de donn\u00e9es sur les migrants. Ce qui permettra de changer le paradigme des politiques migratoires\u00a0\u00bb, a-t-il indiqu\u00e9.<\/p>\n<p>Ce qui fait dire \u00e0 Dr Amadou Diaw, Conseiller technique du Secr\u00e9taire d\u2019Etat charg\u00e9 des S\u00e9n\u00e9galais de l\u2019ext\u00e9rieur que sur les questions relatives \u00e0 la mobilit\u00e9 et aux migrations, \u00ab nous avons besoin que toutes les parties prenantes travaillent collectivement pour faire \u00e9voluer la cause et les pr\u00e9occupations des migrants \u00bb.<\/p>\n<p>\u00ab Car assez souvent,\u00a0a dit Dr Diaw, le d\u00e9bat sur la mobilit\u00e9 et les migrants est empreint de fantasmes, sources de pol\u00e9miques. (\u2026) les migrants sont souvent victimes de stigmatisation, d\u2019exclusion sociale, bref, accus\u00e9s de tous les maux et qualifi\u00e9s de tous les sobriquets \u00bb.<\/p>\n<p>De l\u2019avis de Dr Diaw, les id\u00e9es re\u00e7ues sur les migrants d\u00e9coulent d\u2019une analyse simplificatrice de la r\u00e9alit\u00e9, mais que dans toute id\u00e9e re\u00e7ue, il y une petite part de v\u00e9rit\u00e9 et beaucoup d\u2019exag\u00e9ration.<\/p>\n<p>\u00ab Elle (l\u2019id\u00e9e re\u00e7ue) est r\u00e9pandue dans les milieux o\u00f9 les raccourcis historiques sont courants. Fa\u00e7onn\u00e9es \u00e0 partir de repr\u00e9sentations sociales d\u00e9termin\u00e9es, les id\u00e9es re\u00e7ues sur la migration ont tendance \u00e0 se focaliser sur la figure de l\u2019\u00e9tranger envahisseur et qui viendrait prendre ou voler le travail de nationaux \u00bb, a-t-il affirm\u00e9.<\/p>\n<\/div>\n<p>Auteur: APA News<br \/>\n<a href=\"https:\/\/www.journalducameroun.com\/afrique-86-des-migrants-restent-dans-le-continent-chercheur\/\">Cliquez ici pour lire l&rsquo;article depuis sa source.<\/a><\/p>\n","protected":false},"excerpt":{"rendered":"<p>Publi\u00e9 le 17.04.2021 \u00e0 11h18 par APA News Une infime partie des migrants africains sortent du continent, r\u00e9v\u00e8le Dr Ibrahima Kane.Le chercheur \u00e0 la Fondation \u00ab Open society initiative for west africa \u00bb (Osiwa) remet en cause l\u2019id\u00e9e selon laquelle les Africains se d\u00e9placent majoritairement hors du continent. \u00ab Sur 100 Africains qui se d\u00e9placent, [&hellip;]<\/p>\n","protected":false},"author":1965,"featured_media":0,"comment_status":"closed","ping_status":"closed","sticky":false,"template":"","format":"standard","meta":{"fifu_image_url":"","fifu_image_alt":"","footnotes":""},"categories":[73,82],"tags":[],"class_list":["post-115110","post","type-post","status-publish","format-standard","hentry","category-actualite","category-cameroun"],"_links":{"self":[{"href":"https:\/\/linitiative.ca\/International\/wp-json\/wp\/v2\/posts\/115110","targetHints":{"allow":["GET"]}}],"collection":[{"href":"https:\/\/linitiative.ca\/International\/wp-json\/wp\/v2\/posts"}],"about":[{"href":"https:\/\/linitiative.ca\/International\/wp-json\/wp\/v2\/types\/post"}],"author":[{"embeddable":true,"href":"https:\/\/linitiative.ca\/International\/wp-json\/wp\/v2\/users\/1965"}],"replies":[{"embeddable":true,"href":"https:\/\/linitiative.ca\/International\/wp-json\/wp\/v2\/comments?post=115110"}],"version-history":[{"count":0,"href":"https:\/\/linitiative.ca\/International\/wp-json\/wp\/v2\/posts\/115110\/revisions"}],"wp:attachment":[{"href":"https:\/\/linitiative.ca\/International\/wp-json\/wp\/v2\/media?parent=115110"}],"wp:term":[{"taxonomy":"category","embeddable":true,"href":"https:\/\/linitiative.ca\/International\/wp-json\/wp\/v2\/categories?post=115110"},{"taxonomy":"post_tag","embeddable":true,"href":"https:\/\/linitiative.ca\/International\/wp-json\/wp\/v2\/tags?post=115110"}],"curies":[{"name":"wp","href":"https:\/\/api.w.org\/{rel}","templated":true}]}}