{"id":115111,"date":"2021-04-17T06:18:02","date_gmt":"2021-04-17T10:18:02","guid":{"rendered":"https:\/\/linitiative.ca\/International\/sonko-et-dautres-sujets-au-menu-des-quotidiens-senegalais\/"},"modified":"2021-04-17T06:18:02","modified_gmt":"2021-04-17T10:18:02","slug":"sonko-et-dautres-sujets-au-menu-des-quotidiens-senegalais","status":"publish","type":"post","link":"https:\/\/linitiative.ca\/International\/sonko-et-dautres-sujets-au-menu-des-quotidiens-senegalais\/","title":{"rendered":"Sonko et d\u2019autres sujets au menu des quotidiens s\u00e9n\u00e9galais"},"content":{"rendered":"<div readability=\"32\">\n<p>Publi\u00e9 le 17.04.2021 \u00e0 11h18 par APA News<\/p>\n<\/div>\n<div readability=\"105\">\n<p>Les quotidiens s\u00e9n\u00e9galais, parvenus ce samedi \u00e0 APA, traitent d\u2019une diversit\u00e9 de sujets dont la sortie de l\u2019opposant Ousmane Sonko sur la situation qui pr\u00e9vaut \u00e0 l\u2019universit\u00e9 de Dakar.\u00ab La nouvelle salve de Sonko \u00bb, titre EnQu\u00eate, soulignant que le chef de file du parti Pastef\/Les patriotes s\u2019oppose \u00e0 la fermeture du campus social de l\u2019universit\u00e9 Cheikh Anta Diop de Dakar et se penche sur les probl\u00e8mes des \u00e9tudiants qui subissent, selon lui, de nombreuses violences.<\/p>\n<p>Lors de cette sortie, le patron de de Pastef\/Les Patriotes a pris fait et cause pour les \u00e9tudiants, souligne Walf Quotidien.<\/p>\n<p>\u00ab Les \u00e9tudiants s\u2019entendent \u00eatre trait\u00e9s de voyous\u2026 et maintenant de terroristes par le gouvernement. L\u2019\u00e9tudiant s\u00e9n\u00e9galais est moralement tortur\u00e9 par l\u2019absence d\u2019horizon, toujours tenaill\u00e9 par le doute\u2026 \u00bb, d\u00e9nonce Ousmane Sonko dans EnQu\u00eate.<\/p>\n<p>Cela fait dire \u00e0 Le Quotidien que \u00ab Sonko pourfend le pouvoir \u00bb. Le farouche opposant au r\u00e9gime de Macky Sall a profit\u00e9 de cette sortie pour \u00e9voquer les emplois annonc\u00e9s par le gouvernement. Et pour lui, il ne s\u2019agit rien d\u2019autre que de \u00ab promesses d\u00e9magogiques \u00bb.<\/p>\n<p>Dans le domaine sanitaire, Le Soleil signale que \u00ab le minist\u00e8re de la Sant\u00e9 d\u00e9ment \u00bb les suppos\u00e9s d\u00e9c\u00e8s li\u00e9s aux vaccins anti-Covid. Le journal rapporte que le Directeur de la pr\u00e9vention \u00ab a rejet\u00e9 en bloc \u00bb l\u2019information faisant \u00e9tat de trois patients d\u00e9c\u00e9d\u00e9s suite \u00e0 l\u2019administration de vaccin anti-Covid.<\/p>\n<p>\u00ab Nous n\u2019avons pas encore eu une seule personne d\u00e9c\u00e9d\u00e9e apr\u00e8s la prise des vaccins Sinopharm ou AstraZeneca \u00bb, a d\u00e9clar\u00e9 Docteur Mamadou Ndiaye.<\/p>\n<p>L\u2019Observateur\u00a0qui avait donn\u00e9 l\u2019information hier revient \u00e0 la charge et donne ses \u00ab v\u00e9rit\u00e9s sur les errements du minist\u00e8re de la Sant\u00e9 \u00bb.<\/p>\n<p>\u00ab A la suite de son article qui a barr\u00e9 sa Une d\u2019hier vendredi, le minist\u00e8re de la Sant\u00e9 est mont\u00e9 au cr\u00e9neau, sans que l\u2019on ne connaisse les r\u00e9elles motivations, pour d\u00e9mentir les informations contenues dans le texte et qui ont \u00e9t\u00e9 fournies au journal par l\u2019autorit\u00e9 comp\u00e9tente. L\u2019Observateur qui ne compte changer aucune virgule de ce qu\u2019il a \u00e9crit, r\u00e9\u00e9dite in extenso le texte en question \u00bb, se d\u00e9fend le quotidien.<\/p>\n<p>Sous le titre \u00ab Akilee court-circuit\u00e9 \u00bb, Le Quotidien annonce que le juge a ordonn\u00e9 la main lev\u00e9e des comptes de la Soci\u00e9t\u00e9 nationale d\u2019\u00e9lectricit\u00e9 (Senelec) et condamne Akilee aux d\u00e9pens.<\/p>\n<p>En ao\u00fbt dernier, la soci\u00e9t\u00e9 Akilee avait demand\u00e9 la saisie conservatoire des comptes de Senelec en ex\u00e9cution d\u2019un contrat d\u2019exclusivit\u00e9 de fournitures de compteurs intelligents. Le prestataire demandait le paiement de montants arriv\u00e9s \u00e0 \u00e9ch\u00e9ances \u00e0 hauteur de 2,6 milliards de francs Cfa. Akilee avait attendu 7 mois, apr\u00e8s plusieurs mois et de nombreuses m\u00e9diations avant de finir par recourir \u00e0 la justice.<\/p>\n<p>En \u00e9ducation, Sud Quotidien informe que pour la satisfaction de ses revendications, \u00ab le G20 (groupement syndical) acc\u00e9l\u00e8re la cadence \u00bb. Il est notamment pr\u00e9vu un d\u00e9brayage et une gr\u00e8ve totale les 21 et 22 avril, informe le journal.<\/p>\n<p>En politique, L\u2019Observateur revient sur ce qu\u2019il appelle \u00ab la bataille de leadership entre Ousmane Sonko et Thierno Alassane Sall (TAS) \u00bb et \u00e9crit : \u00ab La rivalit\u00e9 politique est exprim\u00e9e sous forme de guerre des tranch\u00e9es entre affid\u00e9s. \u00bb<\/p>\n<\/div>\n<p>Auteur: APA News<br \/>\n<a href=\"https:\/\/www.journalducameroun.com\/sonko-et-dautres-sujets-au-menu-des-quotidiens-senegalais\/\">Cliquez ici pour lire l&rsquo;article depuis sa source.<\/a><\/p>\n","protected":false},"excerpt":{"rendered":"<p>Publi\u00e9 le 17.04.2021 \u00e0 11h18 par APA News Les quotidiens s\u00e9n\u00e9galais, parvenus ce samedi \u00e0 APA, traitent d\u2019une diversit\u00e9 de sujets dont la sortie de l\u2019opposant Ousmane Sonko sur la situation qui pr\u00e9vaut \u00e0 l\u2019universit\u00e9 de Dakar.\u00ab La nouvelle salve de Sonko \u00bb, titre EnQu\u00eate, soulignant que le chef de file du parti Pastef\/Les patriotes [&hellip;]<\/p>\n","protected":false},"author":1965,"featured_media":0,"comment_status":"closed","ping_status":"closed","sticky":false,"template":"","format":"standard","meta":{"fifu_image_url":"","fifu_image_alt":"","footnotes":""},"categories":[73,82],"tags":[],"class_list":["post-115111","post","type-post","status-publish","format-standard","hentry","category-actualite","category-cameroun"],"_links":{"self":[{"href":"https:\/\/linitiative.ca\/International\/wp-json\/wp\/v2\/posts\/115111","targetHints":{"allow":["GET"]}}],"collection":[{"href":"https:\/\/linitiative.ca\/International\/wp-json\/wp\/v2\/posts"}],"about":[{"href":"https:\/\/linitiative.ca\/International\/wp-json\/wp\/v2\/types\/post"}],"author":[{"embeddable":true,"href":"https:\/\/linitiative.ca\/International\/wp-json\/wp\/v2\/users\/1965"}],"replies":[{"embeddable":true,"href":"https:\/\/linitiative.ca\/International\/wp-json\/wp\/v2\/comments?post=115111"}],"version-history":[{"count":0,"href":"https:\/\/linitiative.ca\/International\/wp-json\/wp\/v2\/posts\/115111\/revisions"}],"wp:attachment":[{"href":"https:\/\/linitiative.ca\/International\/wp-json\/wp\/v2\/media?parent=115111"}],"wp:term":[{"taxonomy":"category","embeddable":true,"href":"https:\/\/linitiative.ca\/International\/wp-json\/wp\/v2\/categories?post=115111"},{"taxonomy":"post_tag","embeddable":true,"href":"https:\/\/linitiative.ca\/International\/wp-json\/wp\/v2\/tags?post=115111"}],"curies":[{"name":"wp","href":"https:\/\/api.w.org\/{rel}","templated":true}]}}