{"id":115115,"date":"2021-04-18T10:48:39","date_gmt":"2021-04-18T14:48:39","guid":{"rendered":"https:\/\/linitiative.ca\/International\/les-dates-des-premieres-elections-fixees\/"},"modified":"2021-04-18T10:48:39","modified_gmt":"2021-04-18T14:48:39","slug":"les-dates-des-premieres-elections-fixees","status":"publish","type":"post","link":"https:\/\/linitiative.ca\/International\/les-dates-des-premieres-elections-fixees\/","title":{"rendered":"Les dates des premi\u00e8res \u00e9lections fix\u00e9es"},"content":{"rendered":"<figure class=\"post-thumbnail\" itemprop=\"associatedMedia\" itemscope=\"itemscope\" itemtype=\"http:\/\/schema.org\/ImageObject\"><img decoding=\"async\" class=\"post_layout_5_img\" src=\"http:\/\/aujourdhui.ma\/wp-content\/uploads\/2021\/01\/Elections-electoral-Maroc.jpg\" alt=\"Les dates des premi\u00e8res \u00e9lections fix\u00e9es\"\/><\/figure>\n<p><span class=\"c7\"><strong>Les fonctionnaires et les salari\u00e9s \u00e9lisent leurs repr\u00e9sentants en juin prochain<\/strong><\/span><span id=\"more-374149\"\/><\/p>\n<p>Les \u00e9lections professionnelles ouvrent le bal dans cette ann\u00e9e \u00e9lectorale par excellence. Alors que le Maroc doit renouveler toutes les instances repr\u00e9sentatives avant la fin de l\u2019\u00e9t\u00e9 prochain, les fonctionnaires et autres travailleurs seront appel\u00e9s aux urnes les premiers pour \u00e9lire leurs repr\u00e9sentants. Dans le d\u00e9tail, le Bulletin officiel dans son num\u00e9ro 6978 du jeudi 15 avril 2021 contient trois d\u00e9cisions minist\u00e9rielles fixant les dates d\u2019\u00e9lection des repr\u00e9sentants des salari\u00e9s dans certains secteurs professionnels.<\/p>\n<p>Ces d\u00e9cisions minist\u00e9rielles d\u00e9taillent les modalit\u00e9s d\u2019organisation des \u00e9lections pour le renouvellement g\u00e9n\u00e9ral des repr\u00e9sentants des salari\u00e9s rempla\u00e7ant ceux dont le mandat expirera d\u00e9but juin prochain. Il s\u2019agit notamment de la d\u00e9cision du ministre de l\u2019\u00e9conomie, des finances et de la r\u00e9forme de l\u2019administration prise le 6 avril et qui fixe la date du 16 juin 2021 pour l\u2019\u00e9lection des repr\u00e9sentants des fonctionnaires dans les commissions paritaires pr\u00e9vues dans le statut g\u00e9n\u00e9ral de la fonction publique et le r\u00e8glement des employ\u00e9s des collectivit\u00e9s territoriales ainsi que ceux des entreprises et \u00e9tablissements publics.<\/p>\n<p>La deuxi\u00e8me d\u00e9cision publi\u00e9e au Bulletin officiel est sign\u00e9e par le ministre de l\u2019\u00e9nergie, des mines et de l\u2019environnement. Selon cette derni\u00e8re, la date du 16 juin 2021 a \u00e9t\u00e9 fix\u00e9e pour l\u2019\u00e9lection des repr\u00e9sentants des salari\u00e9s dans le secteur minier. Une troisi\u00e8me d\u00e9cision minist\u00e9rielle a \u00e9t\u00e9 \u00e9galement publi\u00e9e. Sign\u00e9e par le ministre du travail et de l\u2019Insertion professionnelle, ladite d\u00e9cision fixe la p\u00e9riode allant du 10 au 20 juin 2021 pour l\u2019\u00e9lection des repr\u00e9sentants des salari\u00e9s. A noter que les dirigeants des centrales syndicales ont tenu une premi\u00e8re r\u00e9union avec le ministre de l\u2019int\u00e9rieur. Une deuxi\u00e8me r\u00e9union est annonc\u00e9e par des sources syndicales pour poursuivre le d\u00e9bat sur les modalit\u00e9s d\u2019organisation du scrutin. L\u2019enjeu est de taille. En effet, les syndicats sont repr\u00e9sent\u00e9s \u00e0 la Chambre haute du pays.<\/p>\n<p>Selon l\u2019article 63 de la Constitution, \u00abla Chambre des conseillers comprend au minimum 90 membres et au maximum 120, \u00e9lus au suffrage universel indirect pour six ans (\u2026). Deux cinqui\u00e8mes des membres \u00e9lus dans chaque r\u00e9gion par des coll\u00e8ges \u00e9lectoraux compos\u00e9s d\u2019\u00e9lus des Chambres professionnelles et des organisations professionnelles des employeurs les plus repr\u00e9sentatives, et de membres \u00e9lus \u00e0 l\u2019\u00e9chelon national par un coll\u00e8ge \u00e9lectoral compos\u00e9 des repr\u00e9sentants des salari\u00e9s (\u2026)\u00bb. Ce scrutin repr\u00e9sente un v\u00e9ritable test pour les syndicats mais \u00e9galement les partis politiques en attendant les prochaines \u00e9ch\u00e9ances \u00e9lectorales.<\/p>\n<p>Et pour cause. Certaines centrales syndicales disposent de connexions assez \u00e9troites avec certains partis politiques. Ces derniers n\u2019h\u00e9sitent pas d\u2019ailleurs \u00e0 former des groupes parlementaires conjoints \u00e0 la deuxi\u00e8me Chambre au d\u00e9but de chaque l\u00e9gislature. L\u2019organisation des \u00e9lections professionnelles sera, en outre, un test pour le gouvernement qui doit, chose tout \u00e0 fait rare, organiser tous les scrutins pr\u00e9vus en l\u2019espace de quelques mois.<\/p>\n<p>Auteur: ALM<br \/>\n<a href=\"https:\/\/aujourdhui.ma\/politique\/les-dates-des-premieres-elections-fixees\">Cliquez ici pour lire l&rsquo;article depuis sa source.<\/a><\/p>\n","protected":false},"excerpt":{"rendered":"<p>Les fonctionnaires et les salari\u00e9s \u00e9lisent leurs repr\u00e9sentants en juin prochain Les \u00e9lections professionnelles ouvrent le bal dans cette ann\u00e9e \u00e9lectorale par excellence. Alors que le Maroc doit renouveler toutes les instances repr\u00e9sentatives avant la fin de l\u2019\u00e9t\u00e9 prochain, les fonctionnaires et autres travailleurs seront appel\u00e9s aux urnes les premiers pour \u00e9lire leurs repr\u00e9sentants. Dans [&hellip;]<\/p>\n","protected":false},"author":1759,"featured_media":0,"comment_status":"closed","ping_status":"closed","sticky":false,"template":"","format":"standard","meta":{"fifu_image_url":"http:\/\/aujourdhui.ma\/wp-content\/uploads\/2021\/01\/Elections-electoral-Maroc.jpg","fifu_image_alt":"Les dates des premi\u00e8res \u00e9lections fix\u00e9es","footnotes":""},"categories":[73,54],"tags":[],"class_list":["post-115115","post","type-post","status-publish","format-standard","hentry","category-actualite","category-maroc"],"_links":{"self":[{"href":"https:\/\/linitiative.ca\/International\/wp-json\/wp\/v2\/posts\/115115","targetHints":{"allow":["GET"]}}],"collection":[{"href":"https:\/\/linitiative.ca\/International\/wp-json\/wp\/v2\/posts"}],"about":[{"href":"https:\/\/linitiative.ca\/International\/wp-json\/wp\/v2\/types\/post"}],"author":[{"embeddable":true,"href":"https:\/\/linitiative.ca\/International\/wp-json\/wp\/v2\/users\/1759"}],"replies":[{"embeddable":true,"href":"https:\/\/linitiative.ca\/International\/wp-json\/wp\/v2\/comments?post=115115"}],"version-history":[{"count":0,"href":"https:\/\/linitiative.ca\/International\/wp-json\/wp\/v2\/posts\/115115\/revisions"}],"wp:attachment":[{"href":"https:\/\/linitiative.ca\/International\/wp-json\/wp\/v2\/media?parent=115115"}],"wp:term":[{"taxonomy":"category","embeddable":true,"href":"https:\/\/linitiative.ca\/International\/wp-json\/wp\/v2\/categories?post=115115"},{"taxonomy":"post_tag","embeddable":true,"href":"https:\/\/linitiative.ca\/International\/wp-json\/wp\/v2\/tags?post=115115"}],"curies":[{"name":"wp","href":"https:\/\/api.w.org\/{rel}","templated":true}]}}