{"id":115117,"date":"2021-04-18T10:00:47","date_gmt":"2021-04-18T14:00:47","guid":{"rendered":"https:\/\/linitiative.ca\/International\/sarah-ismael-quand-la-passion-guide%ef%bb%bf\/"},"modified":"2021-04-18T10:00:47","modified_gmt":"2021-04-18T14:00:47","slug":"sarah-ismael-quand-la-passion-guide%ef%bb%bf","status":"publish","type":"post","link":"https:\/\/linitiative.ca\/International\/sarah-ismael-quand-la-passion-guide%ef%bb%bf\/","title":{"rendered":"Sarah &amp; Ismael: quand la passion guide!\ufeff"},"content":{"rendered":"<p class=\"c1\"><strong>Propos recueillis par Mohamed Nait Youssef<\/strong><\/p>\n<p class=\"has-text-color c2\"><strong>Ils sont jeunes, amoureux et passionn\u00e9s de la musique et des rythmes amazighs. Sarah et Ismael, un duo connu sur les r\u00e9seaux sociaux pour ses nombreuses reprises des t\u00e9nors de la chanson amazighe. Entre autres, Lhaj Belaid, Raiss Hmad Bizmawn, Rayss Mohamed Outhanwt, qui essayent depuis Shanghai de mettre un grain de beaut\u00e9 dans le paysage musical amazigh en particulier et marocain en g\u00e9n\u00e9ral. Pour y parvenir, le duo pr\u00e9f\u00e8re des arrangements tels que le Jazz, la Soul, le Funk, la pop\u2026<\/strong><\/p>\n<p>\u00abNous essayons derevivre ces chansons et de les interpr\u00e9ter \u00e0 notre mani\u00e8re\u00a0; selon notre perspective musicale tout en essayant de garder le feeling et l\u2019\u00e2me po\u00e9tique de l\u2019auteur\u00a0\u00bb, explique Sarah dans cet\u00a0 entretien accord\u00e9 \u00e0 Al Bayane.<\/p>\n<p class=\"has-text-color has-vivid-red-color\"><strong>Al Bayane\u00a0: De prime abord, parler nous un peu de votre duo. Comment a-t-il \u00a0\u00e9t\u00e9 cr\u00e9\u00e9 ? Et comment d\u00e9finissez-vous votre style musical ?<\/strong><\/p>\n<p><strong>Sarah\u00a0:<\/strong> Depuis notre premi\u00e8re rencontre, Sarah et Ismael a toujours \u00e9t\u00e9 un projet, mais qui s\u2019est concr\u00e9tis\u00e9 il y a 2 ans quand Ismael m\u2019a rejoint \u00e0 Shanghai. Pour ce qui est de notre style musical, il d\u00e9pend en fait de l\u2019inspiration du moment. G\u00e9n\u00e9ralement, on pr\u00e9f\u00e8re des arrangements\u00a0: Jazz, Soul, Funk, Celtic, Sephardic, pop\u2026 Or, nous sommes particuli\u00e8rement int\u00e9ress\u00e9s par la musique amazighe.<\/p>\n<p class=\"has-text-color has-vivid-red-color\"><strong>Vous avez fait plusieurs reprises de chansons puis\u00e9es dans le r\u00e9pertoire musical amazigh entre autres\u00a0 \u00abAhbibino adik nmun\u00bb, \u00abAnzar\u00bb, \u00abAhayli\u00bb de Raiss Hmad Bizmawn, \u00abIsntak Mafodengh Lkhatri\u00bb du groupe Oudaden, \u00abZayd Azzaman\u00bb de\u00a0 Rayss Mohamed Outhanwt, \u00abTaliwin\u00bb de Lhaj Belaid, \u00abImmi Henn\u00e9\u00bb du groupe\u00a0 Izenzaren. Pourquoi cet int\u00e9r\u00eat assez particulier pour la chanson amazighe ?<\/strong><\/p>\n<p>L\u2019int\u00e9r\u00eat pour la chanson amazighe est tr\u00e8s naturel vu que je suis amazighe. Car,\u00a0 j\u2019ai grandi et a \u00e9t\u00e9 entour\u00e9e aussi de Vynils et de cassettes des Rwayes. En fait, cet int\u00e9r\u00eat et amour pour la culture et la musique amazighes m\u2019ont \u00e9t\u00e9 transmises par mes parents et grands-parents. Il va sans dire \u00e9galement que c\u2019est une passion que j\u2019ai transmise par la suite \u00e0 Ismael qui \u00e9t\u00e9 partant pour le projet de reprise des morceaux et titres amazighs.<\/p>\n<p class=\"has-text-color has-vivid-red-color\"><strong>Que repr\u00e9sente la po\u00e9sie amazighe pour vous ?<\/strong><\/p>\n<p>Je pense que la langue amazighe est une langue de litt\u00e9rature et de po\u00e9sie. En effet, les po\u00e8tes ou encore les Rwayes font \u00e0 la fois le m\u00e9tier de chroniqueur et de messager v\u00e9hiculant des lettres de noblesse et des messages. A vrai dire, on est continuellement en qu\u00eate d\u2019apprendre et de lire sur cette culture ancestrale, authentique et originelle. Nous sommes, en outre, contents de voir des jeunes auteurs et po\u00e8tes amazighs, issus du Maroc et de l\u2019Alg\u00e9rie, qui suivent de pr\u00e8s les pas de nos anc\u00eatres.<\/p>\n<p class=\"has-text-color has-vivid-red-color\"><strong>Vous avez \u00abr\u00e9\u00e9crit\u00bb\u00a0 la chanson \u00abWad itmoudoun\u00bb du groupe \u00abIzenzaren\u00bb. A votre avis, est-il indispensable de r\u00e9\u00e9crire musicalement, si nous n\u2019osons dire, la chanson amazighe afin de lui donner plus de visibilit\u00e9 dans les quatre coins du\u00a0 monde?<\/strong><\/p>\n<p>Il n\u2019est pas indispensable de r\u00e9\u00e9crire musicalement ou de r\u00e9arranger les chansons amazighes. Quant \u00e0 nous, on part de l\u2019id\u00e9e que ces morceaux qui ont \u00e9t\u00e9 interpr\u00e9t\u00e9s par leurs propres chanteurs demeurent originaux et singuliers. Certes,\u00a0quoi qu\u2019on fasse, on ne pourrait jamais leurs rendre justice de la m\u00eame fa\u00e7on. Ce qui est important pour nous, c\u2019est de revivre ces chansons et de les interpr\u00e9ter \u00e0 notre mani\u00e8re, et selon notre perspective musicale tout en essayant de garder le feeling et l\u2019\u00e2me po\u00e9tique de l\u2019auteur. C\u2019est essentiel!<\/p>\n<p class=\"has-text-color has-vivid-red-color\"><strong>\u00ab<\/strong><strong>Amoudou\u00bb, une chanson que vous avez \u00e9crite en 2020. D\u2019o\u00f9 inspirez-vous vos textes et chansons? Est-ce qu\u2019il y a des chanteurs, po\u00e8tes qui ont influenc\u00e9 votre mani\u00e8re d\u2019\u00e9crire et de chanter?<\/strong><\/p>\n<p>\u00abAmoudou\u00bb a \u00e9t\u00e9 \u00e9crite en 2018. C\u2019est une chanson qu\u2019on jouait souvent \u00e0 Shanghai avec des versions diff\u00e9rentes.<\/p>\n<p>Par ailleurs, ce morceau a \u00e9t\u00e9 \u00e9crit en une seule journ\u00e9e en pleine r\u00e9p\u00e9tition pour un festival. En fait, c\u2019est un sujet qui nous touche beaucoup. Toutefois, je me suis rendue compte que ma passion pour le voyage et le r\u00eave de nomadisme sont en moi parce que je suis amazighe. \u00abAmoudou\u00bb raconte le voyage des nomades amazighs. Et l\u2019influence principale est venue du Mali et de la musique Touareg, plus particuli\u00e8rement.<\/p>\n<p class=\"has-text-color has-vivid-red-color\"><strong>La chanson amazighe a beaucoup souffert de ce regard folklorique. Aujourd\u2019hui, les choses ont chang\u00e9 avec des jeunes artistes amazigh (e)s porteurs de nouveaux projets artistiques, tous styles confondus, d\u00e9passant les fronti\u00e8res. Qu\u2019en pensez-vous ?<\/strong><\/p>\n<p>On est tellement contents que la sc\u00e8ne artistique amazighe regorge de talents repr\u00e9sentant les diff\u00e9rentes r\u00e9gions\u00a0et expressions musicales venues du Rif en passant le Souss, la Kabylie, Touareg\u2026<\/p>\n<p>C\u2019est un constat\u00a0! Cette richesse et vari\u00e9t\u00e9 vont certainement contribuer \u00e0 faire conna\u00eetre la culture et la langue amazighes \u00e0 l\u2019international afin de donner plus de visibilit\u00e9 \u00e0 notre Histoire.<\/p>\n<p class=\"has-text-color has-vivid-red-color\"><strong>Quels sont vos projets artistiques \u00e0 venir ?<\/strong><\/p>\n<p>\u00c0 travers les reprises que nous avons faites, nous comptons faire une tourn\u00e9e en ligne dans la terre de Tamazgha, mais aussi et surtout chercher des morceaux anciens \u00e0 interpr\u00e9ter. En outre, nous sommes en train de travailler sur les autres morceaux de l\u2019album \u00abAmoudou\u00bb qui sortiront au long de l\u2019ann\u00e9e.<\/p>\n<p>Auteur: M&rsquo;hammed rahal<br \/>\n<a href=\"http:\/\/albayane.press.ma\/sarah-ismael-quand-la-passion-guide%EF%BB%BF.html\">Cliquez ici pour lire l&rsquo;article depuis sa source.<\/a><\/p>\n","protected":false},"excerpt":{"rendered":"<p>Propos recueillis par Mohamed Nait Youssef Ils sont jeunes, amoureux et passionn\u00e9s de la musique et des rythmes amazighs. Sarah et Ismael, un duo connu sur les r\u00e9seaux sociaux pour ses nombreuses reprises des t\u00e9nors de la chanson amazighe. Entre autres, Lhaj Belaid, Raiss Hmad Bizmawn, Rayss Mohamed Outhanwt, qui essayent depuis Shanghai de mettre [&hellip;]<\/p>\n","protected":false},"author":1760,"featured_media":0,"comment_status":"closed","ping_status":"closed","sticky":false,"template":"","format":"standard","meta":{"fifu_image_url":"","fifu_image_alt":"","footnotes":""},"categories":[73,54],"tags":[],"class_list":["post-115117","post","type-post","status-publish","format-standard","hentry","category-actualite","category-maroc"],"_links":{"self":[{"href":"https:\/\/linitiative.ca\/International\/wp-json\/wp\/v2\/posts\/115117","targetHints":{"allow":["GET"]}}],"collection":[{"href":"https:\/\/linitiative.ca\/International\/wp-json\/wp\/v2\/posts"}],"about":[{"href":"https:\/\/linitiative.ca\/International\/wp-json\/wp\/v2\/types\/post"}],"author":[{"embeddable":true,"href":"https:\/\/linitiative.ca\/International\/wp-json\/wp\/v2\/users\/1760"}],"replies":[{"embeddable":true,"href":"https:\/\/linitiative.ca\/International\/wp-json\/wp\/v2\/comments?post=115117"}],"version-history":[{"count":0,"href":"https:\/\/linitiative.ca\/International\/wp-json\/wp\/v2\/posts\/115117\/revisions"}],"wp:attachment":[{"href":"https:\/\/linitiative.ca\/International\/wp-json\/wp\/v2\/media?parent=115117"}],"wp:term":[{"taxonomy":"category","embeddable":true,"href":"https:\/\/linitiative.ca\/International\/wp-json\/wp\/v2\/categories?post=115117"},{"taxonomy":"post_tag","embeddable":true,"href":"https:\/\/linitiative.ca\/International\/wp-json\/wp\/v2\/tags?post=115117"}],"curies":[{"name":"wp","href":"https:\/\/api.w.org\/{rel}","templated":true}]}}