{"id":115125,"date":"2021-04-18T12:16:26","date_gmt":"2021-04-18T16:16:26","guid":{"rendered":"https:\/\/linitiative.ca\/International\/ramadan-approvisionnement-normal-et-stabilite-des-prix-dans-les-marches\/"},"modified":"2021-04-18T12:16:26","modified_gmt":"2021-04-18T16:16:26","slug":"ramadan-approvisionnement-normal-et-stabilite-des-prix-dans-les-marches","status":"publish","type":"post","link":"https:\/\/linitiative.ca\/International\/ramadan-approvisionnement-normal-et-stabilite-des-prix-dans-les-marches\/","title":{"rendered":"Ramadan: Approvisionnement normal et stabilit\u00e9 des prix dans les march\u00e9s"},"content":{"rendered":"<div readability=\"35\">\n<p>Benguerir (province de Rehamna) \u2013 L\u2019approvisionnement des diff\u00e9rents march\u00e9s relevant de la province de Rehamna se fait de mani\u00e8re normale et suffisante \u00e0 l\u2019occasion du mois sacr\u00e9 de Ramadan 1442, et les prix des diff\u00e9rentes denr\u00e9es alimentaires sont stables.<\/p>\n<\/div>\n<div readability=\"118\">\n<p>Ainsi, la situation de l\u2019approvisionnement des march\u00e9s locaux au niveau de cette partie du territoire national est caract\u00e9ris\u00e9e par une offre abondante des diff\u00e9rents produits alimentaires, en l\u2019occurrence ceux les plus consomm\u00e9s durant ce mois b\u00e9ni, ainsi que par une stabilit\u00e9 de leurs prix.<\/p>\n<p>Les diff\u00e9rents espaces d\u2019approvisionnement et de n\u00e9goces et les points de vente au niveau de la ville de Benguerir comme ailleurs, connaissent une forte affluence des citoyens, le temps de se procurer les denr\u00e9es alimentaires les plus pris\u00e9es, tels que les produits de premi\u00e8re n\u00e9cessit\u00e9, les dattes, les poissons, les viandes blanches et rouges, les f\u00e9culents, les les g\u00e2teaux\u2026., sous l\u2019\u0153il vigilant et une mobilisation accrue des diff\u00e9rentes commissions charg\u00e9es d\u2019intensifier les contr\u00f4les de la qualit\u00e9, ainsi que des prix des produits alimentaires, a constat\u00e9 sur place une \u00e9quipe de la chaine de t\u00e9l\u00e9vision M24.<\/p>\n<p>Dans ce cadre, la Division des Affaires Economiques et de la Coordination (DAEC) de la province de Rehamna ne m\u00e9nage aucun effort en vue de mobiliser de fa\u00e7on quotidienne, des commissions conjointes pour assurer un contr\u00f4le strict des diff\u00e9rents points de vente, afin de s\u2019assurer du respect m\u00e9ticuleux de la qualit\u00e9, des prix, ainsi que des conditions d\u2019hygi\u00e8ne et de conservation des produits alimentaires.<\/p>\n<p>Avec la persistance de la propagation de la pand\u00e9mie du nouveau coronavirus, ces commissions compos\u00e9es de repr\u00e9sentants notamment, de la DAEC, du Bureau Communal d\u2019hygi\u00e8ne, de l\u2019Office National de S\u00e9curit\u00e9 Sanitaire des Produits Alimentaires (ONSSA), sont aussi charg\u00e9es de veiller au respect par les commer\u00e7ants, des mesures pr\u00e9ventives visant \u00e0 enrayer la propagation du nouveau coronavirus (Covid-19), entre autres, la d\u00e9sinfection, le port obligatoire des masques de protection, et la distanciation physique.<\/p>\n<p>Dans une d\u00e9claration \u00e0 la chaine de t\u00e9l\u00e9vision M24 \u00e0 cette occasion, le Chef de la Division des Affaires Economiques et de la Coordination relevant de la province de Rehamna, M. Mohamed Najah, a fait savoir que pour assurer un meilleur approvisionnement des march\u00e9s de la province durant le mois sacr\u00e9 du Ramadan, il a \u00e9t\u00e9 proc\u00e9d\u00e9 \u00e0 la tenue d\u2019une r\u00e9union de travail, sous la pr\u00e9sidence du gouvernance de la province, consacr\u00e9e \u00e0 l\u2019examen de la situation d\u2019approvisionnement, et des prix des denr\u00e9es alimentaires les plus consomm\u00e9es.<\/p>\n<p>l\u2019ensemble des indicateurs et des donn\u00e9es disponibles laissent constater une abondance de l\u2019offre de l\u2019ensemble des produits alimentaires durant ce mois b\u00e9ni, a-t-il poursuivi, faisant savoir qu\u2019il a \u00e9t\u00e9 proc\u00e9d\u00e9 aussi \u00e0 l\u2019\u00e9tablissement d\u2019un plan d\u2019action concernant le suivi quotidien de l\u2019approvisionnement des march\u00e9s ainsi que des prix des produits.<\/p>\n<p>\u00ab\u00a0Les prix des produits r\u00e9glement\u00e9s sont fixes, alors que les prix des produits non r\u00e9glement\u00e9s demeurent assujettis \u00e0 la loi de l\u2019offre et de la demande, mais g\u00e9n\u00e9ralement stables, en raison de l\u2019abondance de l\u2019offre\u00a0\u00bb, a expliqu\u00e9 M. Najah, notant que ce plan d\u2019action comporte aussi le volet relatif au contr\u00f4le par la commission provinciale et l\u2019activation des commissions locales au niveau des diff\u00e9rentes communes de la province, visant la s\u00e9curit\u00e9 sanitaire, la qualit\u00e9 et la salubrit\u00e9 des produits alimentaires et la lutte contre la fraude et tout autre agissement d\u00e9lictueux de nature \u00e0 porter atteinte directement au pouvoir d\u2019achat des m\u00e9nages et \u00e0 la sant\u00e9 des consommateurs.<\/p>\n<p>En mati\u00e8re de lutte contre la fraude, les commissions de contr\u00f4le veillent \u00e0 l\u2019application stricte des lois en vigueur et des sanctions qui s\u2019imposent \u00e0 l\u2019encontre des contrevenants, a-t-il enchain\u00e9, relevant qu\u2019un int\u00e9r\u00eat particulier est accord\u00e9 au respect des diff\u00e9rentes mesures pr\u00e9ventives d\u00e9cr\u00e9t\u00e9es par les autorit\u00e9s comp\u00e9tentes dans le cadre de la lutte contre la pand\u00e9mie de la Covid-19 et ses nouveaux variants.<\/p>\n<\/div>\n<p>Auteur: Meriem IGASS<br \/>\n<a href=\"http:\/\/www.mapmarrakech.ma\/fr\/ramadan-approvisionnement-normal-et-stabilite-des-prix-dans-les-marches\/\">Cliquez ici pour lire l&rsquo;article depuis sa source.<\/a><\/p>\n","protected":false},"excerpt":{"rendered":"<p>Benguerir (province de Rehamna) \u2013 L\u2019approvisionnement des diff\u00e9rents march\u00e9s relevant de la province de Rehamna se fait de mani\u00e8re normale et suffisante \u00e0 l\u2019occasion du mois sacr\u00e9 de Ramadan 1442, et les prix des diff\u00e9rentes denr\u00e9es alimentaires sont stables. Ainsi, la situation de l\u2019approvisionnement des march\u00e9s locaux au niveau de cette partie du territoire national [&hellip;]<\/p>\n","protected":false},"author":1788,"featured_media":0,"comment_status":"closed","ping_status":"closed","sticky":false,"template":"","format":"standard","meta":{"fifu_image_url":"","fifu_image_alt":"","footnotes":""},"categories":[54,76],"tags":[],"class_list":["post-115125","post","type-post","status-publish","format-standard","hentry","category-maroc","category-regions"],"_links":{"self":[{"href":"https:\/\/linitiative.ca\/International\/wp-json\/wp\/v2\/posts\/115125","targetHints":{"allow":["GET"]}}],"collection":[{"href":"https:\/\/linitiative.ca\/International\/wp-json\/wp\/v2\/posts"}],"about":[{"href":"https:\/\/linitiative.ca\/International\/wp-json\/wp\/v2\/types\/post"}],"author":[{"embeddable":true,"href":"https:\/\/linitiative.ca\/International\/wp-json\/wp\/v2\/users\/1788"}],"replies":[{"embeddable":true,"href":"https:\/\/linitiative.ca\/International\/wp-json\/wp\/v2\/comments?post=115125"}],"version-history":[{"count":0,"href":"https:\/\/linitiative.ca\/International\/wp-json\/wp\/v2\/posts\/115125\/revisions"}],"wp:attachment":[{"href":"https:\/\/linitiative.ca\/International\/wp-json\/wp\/v2\/media?parent=115125"}],"wp:term":[{"taxonomy":"category","embeddable":true,"href":"https:\/\/linitiative.ca\/International\/wp-json\/wp\/v2\/categories?post=115125"},{"taxonomy":"post_tag","embeddable":true,"href":"https:\/\/linitiative.ca\/International\/wp-json\/wp\/v2\/tags?post=115125"}],"curies":[{"name":"wp","href":"https:\/\/api.w.org\/{rel}","templated":true}]}}