{"id":115126,"date":"2021-04-17T17:30:28","date_gmt":"2021-04-17T21:30:28","guid":{"rendered":"https:\/\/linitiative.ca\/International\/le-fmi-felicite-le-maroc-pour-les-progres-realises-en-matiere-de-vaccination\/"},"modified":"2021-04-17T17:30:28","modified_gmt":"2021-04-17T21:30:28","slug":"le-fmi-felicite-le-maroc-pour-les-progres-realises-en-matiere-de-vaccination","status":"publish","type":"post","link":"https:\/\/linitiative.ca\/International\/le-fmi-felicite-le-maroc-pour-les-progres-realises-en-matiere-de-vaccination\/","title":{"rendered":"Le FMI f\u00e9licite le Maroc pour les progr\u00e8s r\u00e9alis\u00e9s en mati\u00e8re de vaccination"},"content":{"rendered":"<p class=\"c4\">La Directrice g\u00e9n\u00e9rale du Fonds mon\u00e9taire international (FMI), Kristalina Georgieva, a f\u00e9licit\u00e9 le Maroc pour les progr\u00e8s r\u00e9alis\u00e9s en mati\u00e8re de vaccination, ainsi que sa strat\u00e9gie anticipative d\u2019att\u00e9nuation des effets de la crise sanitaire et de relance \u00e9conomique.<\/p>\n<p class=\"c4\">Lors d\u2019une r\u00e9union virtuelle, tenue vendredi, avec Mohamed Benchaaboun, ministre de l\u2019Economie, des Finances et de la R\u00e9forme de l\u2019administration, et Abdellatif Jouahri, Gouverneur de Bank Al-Maghrib (BAM), Mme Georgieva a soulign\u00e9 l\u2019engagement du FMI et de la communaut\u00e9 financi\u00e8re internationale \u00e0 soutenir les pays en d\u00e9veloppement dans leurs efforts pour acc\u00e9l\u00e9rer la reprise et la transformation \u00e9conomique et renforcer la r\u00e9silience aux chocs futurs, indique un communiqu\u00e9 du minist\u00e8re de l\u2019Economie, des Finances et de la R\u00e9forme de l\u2019administration.<\/p>\n<p class=\"c4\">A l\u2019occasion de cette rencontre, initi\u00e9e en marge des r\u00e9unions de printemps de la Banque mondiale (BM) et du FMI, qui se sont d\u00e9roul\u00e9es virtuellement du 9 au 11 avril 2021, Mme Georgieva a appel\u00e9 le Royaume \u00e0 poursuivre ses programmes de r\u00e9formes et tirer profit des nouvelles opportunit\u00e9s qui se pr\u00e9sentent notamment dans les domaines climatiques et de digitalisation.<\/p>\n<p class=\"c4\">Pour sa part, M. Benchaaboun a pr\u00e9sent\u00e9 les principales mesures de riposte adopt\u00e9es par le Maroc, \u00e0 travers notamment la mise en place du Fonds Covid-19, ajoute la m\u00eame source.<\/p>\n<p class=\"c4\">Il a \u00e9galement expos\u00e9 les chantiers prioritaires de r\u00e9formes engag\u00e9s par le Maroc, conform\u00e9ment aux Hautes Orientations de SM le Roi Mohammed VI, en particulier le plan de relance post-Covid, la r\u00e9forme du secteur public et le programme de g\u00e9n\u00e9ralisation de la protection sociale.<\/p>\n<p class=\"c4\">Le ministre a par ailleurs salu\u00e9 le management du FMI pour les initiatives lanc\u00e9es afin d\u2019att\u00e9nuer les effets n\u00e9gatifs de la crise Covid-19. Dans ce cadre, il a invit\u00e9 le FMI, de par son positionnement de r\u00e9f\u00e9rence au sein de l\u2019architecture financi\u00e8re mondiale, \u00e0 mettre en place des initiatives d\u00e9di\u00e9es aux pays \u00e0 revenu interm\u00e9diaire, dont le Maroc, afin de r\u00e9pondre \u00e0 leurs besoins sp\u00e9cifiques dans le contexte de la crise actuelle.<\/p>\n<p class=\"c4\">De son c\u00f4t\u00e9, M. Jouahri, a salu\u00e9 le travail accompli par le FMI durant cette p\u00e9riode de crise sous le leadership de Mme Georgieva, et remerci\u00e9 le FMI pour l\u2019appui technique et financier apport\u00e9 au Maroc notamment \u00e0 travers la LPL, fait savoir le communiqu\u00e9.<\/p>\n<p class=\"c4\">Le Wali de la Banque centrale a \u00e9galement mis en relief les engagements du Royaume et les progr\u00e8s r\u00e9alis\u00e9s dans d\u2019autres secteurs prioritaires notamment la finance verte, les Partenariats public-priv\u00e9, l\u2019inclusion financi\u00e8re et la digitalisation.<\/p>\n<p class=\"c4\">Au terme de cette r\u00e9union, les deux parties ont r\u00e9affirm\u00e9 leur engagement et leur volont\u00e9 commune pour renforcer davantage les relations de coop\u00e9ration<br \/>entre le Maroc et le FMI et pour r\u00e9ussir l\u2019organisation des Assembl\u00e9es annuelles de la BM et du FMI, pr\u00e9vues \u00e0 Marrakech, en octobre 2022, conclut le communiqu\u00e9.<\/p>\n<p>Auteur: Soufiane ELAHMAR<br \/>\n<a href=\"http:\/\/www.mapoujda.ma\/fr\/le-fmi-felicite-le-maroc-pour-les-progres-realises-en-matiere-de-vaccination\/\">Cliquez ici pour lire l&rsquo;article depuis sa source.<\/a><\/p>\n","protected":false},"excerpt":{"rendered":"<p>La Directrice g\u00e9n\u00e9rale du Fonds mon\u00e9taire international (FMI), Kristalina Georgieva, a f\u00e9licit\u00e9 le Maroc pour les progr\u00e8s r\u00e9alis\u00e9s en mati\u00e8re de vaccination, ainsi que sa strat\u00e9gie anticipative d\u2019att\u00e9nuation des effets de la crise sanitaire et de relance \u00e9conomique. Lors d\u2019une r\u00e9union virtuelle, tenue vendredi, avec Mohamed Benchaaboun, ministre de l\u2019Economie, des Finances et de la [&hellip;]<\/p>\n","protected":false},"author":1788,"featured_media":0,"comment_status":"closed","ping_status":"closed","sticky":false,"template":"","format":"standard","meta":{"fifu_image_url":"","fifu_image_alt":"","footnotes":""},"categories":[54,76],"tags":[],"class_list":["post-115126","post","type-post","status-publish","format-standard","hentry","category-maroc","category-regions"],"_links":{"self":[{"href":"https:\/\/linitiative.ca\/International\/wp-json\/wp\/v2\/posts\/115126","targetHints":{"allow":["GET"]}}],"collection":[{"href":"https:\/\/linitiative.ca\/International\/wp-json\/wp\/v2\/posts"}],"about":[{"href":"https:\/\/linitiative.ca\/International\/wp-json\/wp\/v2\/types\/post"}],"author":[{"embeddable":true,"href":"https:\/\/linitiative.ca\/International\/wp-json\/wp\/v2\/users\/1788"}],"replies":[{"embeddable":true,"href":"https:\/\/linitiative.ca\/International\/wp-json\/wp\/v2\/comments?post=115126"}],"version-history":[{"count":0,"href":"https:\/\/linitiative.ca\/International\/wp-json\/wp\/v2\/posts\/115126\/revisions"}],"wp:attachment":[{"href":"https:\/\/linitiative.ca\/International\/wp-json\/wp\/v2\/media?parent=115126"}],"wp:term":[{"taxonomy":"category","embeddable":true,"href":"https:\/\/linitiative.ca\/International\/wp-json\/wp\/v2\/categories?post=115126"},{"taxonomy":"post_tag","embeddable":true,"href":"https:\/\/linitiative.ca\/International\/wp-json\/wp\/v2\/tags?post=115126"}],"curies":[{"name":"wp","href":"https:\/\/api.w.org\/{rel}","templated":true}]}}