{"id":115128,"date":"2021-04-18T06:18:55","date_gmt":"2021-04-18T10:18:55","guid":{"rendered":"https:\/\/linitiative.ca\/International\/vaccination-anti-covid19-le-fmi-felicite-le-maroc\/"},"modified":"2021-04-18T06:18:55","modified_gmt":"2021-04-18T10:18:55","slug":"vaccination-anti-covid19-le-fmi-felicite-le-maroc","status":"publish","type":"post","link":"https:\/\/linitiative.ca\/International\/vaccination-anti-covid19-le-fmi-felicite-le-maroc\/","title":{"rendered":"Vaccination anti-Covid19: Le FMI f\u00e9licite le Maroc"},"content":{"rendered":"<p class=\"rtejustify\">Le Fonds mon\u00e9taire international (FMI) salue la campagne de vaccination men\u00e9e par le Maroc pour lutter contre la pand\u00e9mie de Covid19. Lors d&rsquo;une r\u00e9union virtuelle tenue vendredi dernier entre la patronne du Fonds, Kristalina Georgieva, le wali de Bank Al-Maghrib (BAM), Abdellatif Jouahri, et le ministre des Finances, Mohammed Bencha\u00e2boun, la DG du FMI a salu\u00e9 les progr\u00e8s r\u00e9alis\u00e9s par le Royaume en mati\u00e8re de vaccination ainsi que sa strat\u00e9gie anticipative d\u2019att\u00e9nuation des effets de la crise sanitaire et de relance \u00e9conomique.<\/p>\n<p class=\"rtejustify\">Kristalina Georgieva a \u00e9galement soulign\u00e9 l\u2019engagement du FMI et de la communaut\u00e9 financi\u00e8re internationale \u00e0 \u00ab\u00a0soutenir les pays en d\u00e9veloppement dans leurs efforts pour acc\u00e9l\u00e9rer la reprise et la transformation \u00e9conomique et renforcer la r\u00e9silience aux chocs futurs\u00a0\u00bb. Durant cette rencontre, elle a appel\u00e9 Rabat \u00e0 \u00ab\u00a0poursuivre ses programmes de r\u00e9formes et tirer profit des nouvelles opportunit\u00e9s qui se pr\u00e9sentent notamment dans les domaines climatiques et de digitalisation\u00a0\u00bb.<\/p>\n<p class=\"rtejustify\">Le Maroc et le FMI ont par ailleurs r\u00e9affirm\u00e9 leur engagement et leur volont\u00e9 commune pour renforcer davantage les relations de coop\u00e9ration et pour r\u00e9ussir l\u2019organisation des Assembl\u00e9es annuelles de la BM et du FMI, pr\u00e9vues en octobre 2022, \u00e0 Marrakech.<\/p>\n<p>Auteur: hgueye<br \/>\n<a href=\"https:\/\/www.leconomiste.com\/flash-infos\/vaccination-anti-covid19-le-fmi-felicite-le-maroc\">Cliquez ici pour lire l&rsquo;article depuis sa source.<\/a><\/p>\n","protected":false},"excerpt":{"rendered":"<p>Le Fonds mon\u00e9taire international (FMI) salue la campagne de vaccination men\u00e9e par le Maroc pour lutter contre la pand\u00e9mie de Covid19. Lors d&rsquo;une r\u00e9union virtuelle tenue vendredi dernier entre la patronne du Fonds, Kristalina Georgieva, le wali de Bank Al-Maghrib (BAM), Abdellatif Jouahri, et le ministre des Finances, Mohammed Bencha\u00e2boun, la DG du FMI a [&hellip;]<\/p>\n","protected":false},"author":1763,"featured_media":0,"comment_status":"closed","ping_status":"closed","sticky":false,"template":"","format":"standard","meta":{"fifu_image_url":"","fifu_image_alt":"","footnotes":""},"categories":[78,54],"tags":[],"class_list":["post-115128","post","type-post","status-publish","format-standard","hentry","category-economie","category-maroc"],"_links":{"self":[{"href":"https:\/\/linitiative.ca\/International\/wp-json\/wp\/v2\/posts\/115128","targetHints":{"allow":["GET"]}}],"collection":[{"href":"https:\/\/linitiative.ca\/International\/wp-json\/wp\/v2\/posts"}],"about":[{"href":"https:\/\/linitiative.ca\/International\/wp-json\/wp\/v2\/types\/post"}],"author":[{"embeddable":true,"href":"https:\/\/linitiative.ca\/International\/wp-json\/wp\/v2\/users\/1763"}],"replies":[{"embeddable":true,"href":"https:\/\/linitiative.ca\/International\/wp-json\/wp\/v2\/comments?post=115128"}],"version-history":[{"count":0,"href":"https:\/\/linitiative.ca\/International\/wp-json\/wp\/v2\/posts\/115128\/revisions"}],"wp:attachment":[{"href":"https:\/\/linitiative.ca\/International\/wp-json\/wp\/v2\/media?parent=115128"}],"wp:term":[{"taxonomy":"category","embeddable":true,"href":"https:\/\/linitiative.ca\/International\/wp-json\/wp\/v2\/categories?post=115128"},{"taxonomy":"post_tag","embeddable":true,"href":"https:\/\/linitiative.ca\/International\/wp-json\/wp\/v2\/tags?post=115128"}],"curies":[{"name":"wp","href":"https:\/\/api.w.org\/{rel}","templated":true}]}}