{"id":115130,"date":"2021-04-18T09:25:55","date_gmt":"2021-04-18T13:25:55","guid":{"rendered":"https:\/\/linitiative.ca\/International\/espagne-un-atelier-de-fabrication-darmes-imprimees-en-3d-demantele\/"},"modified":"2021-04-18T09:25:55","modified_gmt":"2021-04-18T13:25:55","slug":"espagne-un-atelier-de-fabrication-darmes-imprimees-en-3d-demantele","status":"publish","type":"post","link":"https:\/\/linitiative.ca\/International\/espagne-un-atelier-de-fabrication-darmes-imprimees-en-3d-demantele\/","title":{"rendered":"Espagne: Un atelier de fabrication d&rsquo;armes imprim\u00e9es en 3D d\u00e9mantel\u00e9"},"content":{"rendered":"<p class=\"rtejustify\">La police espagnole a annonc\u00e9, dimanche, le d\u00e9mant\u00e8lement d\u2019un atelier ill\u00e9gal d\u00e9di\u00e9 \u00e0 la fabrication d&rsquo;armes imprim\u00e9es en 3D \u00e0 Tenerife, dans l&rsquo;archipel canarien, une premi\u00e8re en Espagne.<\/p>\n<p class=\"rtejustify\">Il s\u2019agit du \u00ab\u00a0premier atelier ill\u00e9gal de fabrication d&rsquo;armes en 3D en Espagne\u00a0\u00bb, a indique\u00a0la police, qui a aussi arr\u00eat\u00e9 une personne pour les d\u00e9lits pr\u00e9sum\u00e9s de d\u00e9tention ill\u00e9gale d&rsquo;armes et de d\u00e9p\u00f4t d&rsquo;explosifs.<\/p>\n<p class=\"rtejustify\">Lors des perquisitions effectu\u00e9es dans l&rsquo;atelier, les agents ont confisqu\u00e9 \u00ab\u00a0deux imprimantes 3D, 11 bobines de filament pour imprimante 3D et de nombreux dispositifs informatiques utilis\u00e9s pour la fabrication\u00a0\u00bb d&rsquo;armes, explique la police. Par ailleurs, de\u00a0nombreuses pi\u00e8ces d&rsquo;armes fabriqu\u00e9es \u00e0 l&rsquo;aide des imprimantes 3D, des manuels sur l&rsquo;utilisation des armes et des \u00ab\u00a0substances chimiques susceptibles d&rsquo;\u00eatre utilis\u00e9es dans l&rsquo;\u00e9laboration d&rsquo;engins explosifs\u00a0\u00bb ont \u00e9t\u00e9 trouv\u00e9s, ce qui a n\u00e9cessit\u00e9 la participation d&rsquo;une \u00e9quipe de d\u00e9minage de la police.<\/p>\n<p>Auteur: hgueye<br \/>\n<a href=\"https:\/\/www.leconomiste.com\/flash-infos\/espagne-un-atelier-de-fabrication-d-armes-imprimees-en-3d-demantele\">Cliquez ici pour lire l&rsquo;article depuis sa source.<\/a><\/p>\n","protected":false},"excerpt":{"rendered":"<p>La police espagnole a annonc\u00e9, dimanche, le d\u00e9mant\u00e8lement d\u2019un atelier ill\u00e9gal d\u00e9di\u00e9 \u00e0 la fabrication d&rsquo;armes imprim\u00e9es en 3D \u00e0 Tenerife, dans l&rsquo;archipel canarien, une premi\u00e8re en Espagne. Il s\u2019agit du \u00ab\u00a0premier atelier ill\u00e9gal de fabrication d&rsquo;armes en 3D en Espagne\u00a0\u00bb, a indique\u00a0la police, qui a aussi arr\u00eat\u00e9 une personne pour les d\u00e9lits pr\u00e9sum\u00e9s de [&hellip;]<\/p>\n","protected":false},"author":1763,"featured_media":0,"comment_status":"closed","ping_status":"closed","sticky":false,"template":"","format":"standard","meta":{"fifu_image_url":"","fifu_image_alt":"","footnotes":""},"categories":[78,54],"tags":[],"class_list":["post-115130","post","type-post","status-publish","format-standard","hentry","category-economie","category-maroc"],"_links":{"self":[{"href":"https:\/\/linitiative.ca\/International\/wp-json\/wp\/v2\/posts\/115130","targetHints":{"allow":["GET"]}}],"collection":[{"href":"https:\/\/linitiative.ca\/International\/wp-json\/wp\/v2\/posts"}],"about":[{"href":"https:\/\/linitiative.ca\/International\/wp-json\/wp\/v2\/types\/post"}],"author":[{"embeddable":true,"href":"https:\/\/linitiative.ca\/International\/wp-json\/wp\/v2\/users\/1763"}],"replies":[{"embeddable":true,"href":"https:\/\/linitiative.ca\/International\/wp-json\/wp\/v2\/comments?post=115130"}],"version-history":[{"count":0,"href":"https:\/\/linitiative.ca\/International\/wp-json\/wp\/v2\/posts\/115130\/revisions"}],"wp:attachment":[{"href":"https:\/\/linitiative.ca\/International\/wp-json\/wp\/v2\/media?parent=115130"}],"wp:term":[{"taxonomy":"category","embeddable":true,"href":"https:\/\/linitiative.ca\/International\/wp-json\/wp\/v2\/categories?post=115130"},{"taxonomy":"post_tag","embeddable":true,"href":"https:\/\/linitiative.ca\/International\/wp-json\/wp\/v2\/tags?post=115130"}],"curies":[{"name":"wp","href":"https:\/\/api.w.org\/{rel}","templated":true}]}}