{"id":115132,"date":"2021-04-18T12:00:29","date_gmt":"2021-04-18T16:00:29","guid":{"rendered":"https:\/\/linitiative.ca\/International\/covid19-364-nouveaux-cas-46-millions-de-personnes-vaccinees\/"},"modified":"2021-04-18T12:00:29","modified_gmt":"2021-04-18T16:00:29","slug":"covid19-364-nouveaux-cas-46-millions-de-personnes-vaccinees","status":"publish","type":"post","link":"https:\/\/linitiative.ca\/International\/covid19-364-nouveaux-cas-46-millions-de-personnes-vaccinees\/","title":{"rendered":"Covid19: 364 nouveaux cas, 4,6 millions de personnes vaccin\u00e9es"},"content":{"rendered":"<p class=\"rtejustify\"><strong>364<\/strong> nouvelles infections au nouveau coronavirus (Covid-19) ont \u00e9t\u00e9 enregistr\u00e9es au cours des 24 derni\u00e8res heures, indique ce dimanche le minist\u00e8re de la Sant\u00e9, qui\u00a0fait \u00e9galement \u00e9tat de <strong>273<\/strong>\u00a0gu\u00e9risons. Le nombre des personnes vaccin\u00e9es \u00e0 ce jour (dose 1) a atteint <strong>4.655.007<\/strong>, tandis que\u00a0<strong>4.186.449<\/strong> autres ont re\u00e7u la deuxi\u00e8me dose du vaccin, pr\u00e9cise le minist\u00e8re dans son bulletin quotidien sur la situation de la Covid-19.<\/p>\n<p class=\"rtejustify\">Ces nouvelles contaminations portent \u00e0 <strong>505.811<\/strong>\u00a0le nombre total de\u00a0cas de Covid-19, alors que le nombre des personnes r\u00e9tablies est pass\u00e9 \u00e0\u00a0<strong>491.810<\/strong>, soit un taux de gu\u00e9rison de 97,2%. Quant au nombre total des d\u00e9c\u00e8s, il est pass\u00e9 \u00e0 <strong>8.945<\/strong> avec 1\u00a0nouveau\u00a0cas recens\u00e9\u00a0en 24 heures, soit un taux de l\u00e9talit\u00e9 de 1,8%.<\/p>\n<p class=\"rtejustify\">Le nombre de\u00a0cas actifs s&rsquo;\u00e9l\u00e8ve \u00e0 <strong>5.056<\/strong> et les cas s\u00e9v\u00e8res ou critiques sont au nombre de <strong>430<\/strong>, dont <strong>14<\/strong>\u00a0plac\u00e9s sous intubation.<\/p>\n<blockquote readability=\"4.75\">\n<p class=\"rtejustify\"><strong>Pour plus de d\u00e9tails, voir l&rsquo;\u00e9volution en temps r\u00e9el de l&rsquo;\u00e9pid\u00e9mie sur <a href=\"https:\/\/www.leconomiste.com\/covid19\/\">https:\/\/www.leconomiste.com\/covid19\/<\/a><\/strong><\/p>\n<\/blockquote>\n<p>Auteur: hgueye<br \/>\n<a href=\"https:\/\/www.leconomiste.com\/flash-infos\/covid19-nouveaux-cas-4-6-millions-de-personnes-vaccinees\">Cliquez ici pour lire l&rsquo;article depuis sa source.<\/a><\/p>\n","protected":false},"excerpt":{"rendered":"<p>364 nouvelles infections au nouveau coronavirus (Covid-19) ont \u00e9t\u00e9 enregistr\u00e9es au cours des 24 derni\u00e8res heures, indique ce dimanche le minist\u00e8re de la Sant\u00e9, qui\u00a0fait \u00e9galement \u00e9tat de 273\u00a0gu\u00e9risons. Le nombre des personnes vaccin\u00e9es \u00e0 ce jour (dose 1) a atteint 4.655.007, tandis que\u00a04.186.449 autres ont re\u00e7u la deuxi\u00e8me dose du vaccin, pr\u00e9cise le minist\u00e8re [&hellip;]<\/p>\n","protected":false},"author":1763,"featured_media":0,"comment_status":"closed","ping_status":"closed","sticky":false,"template":"","format":"standard","meta":{"fifu_image_url":"","fifu_image_alt":"","footnotes":""},"categories":[78,54],"tags":[],"class_list":["post-115132","post","type-post","status-publish","format-standard","hentry","category-economie","category-maroc"],"_links":{"self":[{"href":"https:\/\/linitiative.ca\/International\/wp-json\/wp\/v2\/posts\/115132","targetHints":{"allow":["GET"]}}],"collection":[{"href":"https:\/\/linitiative.ca\/International\/wp-json\/wp\/v2\/posts"}],"about":[{"href":"https:\/\/linitiative.ca\/International\/wp-json\/wp\/v2\/types\/post"}],"author":[{"embeddable":true,"href":"https:\/\/linitiative.ca\/International\/wp-json\/wp\/v2\/users\/1763"}],"replies":[{"embeddable":true,"href":"https:\/\/linitiative.ca\/International\/wp-json\/wp\/v2\/comments?post=115132"}],"version-history":[{"count":0,"href":"https:\/\/linitiative.ca\/International\/wp-json\/wp\/v2\/posts\/115132\/revisions"}],"wp:attachment":[{"href":"https:\/\/linitiative.ca\/International\/wp-json\/wp\/v2\/media?parent=115132"}],"wp:term":[{"taxonomy":"category","embeddable":true,"href":"https:\/\/linitiative.ca\/International\/wp-json\/wp\/v2\/categories?post=115132"},{"taxonomy":"post_tag","embeddable":true,"href":"https:\/\/linitiative.ca\/International\/wp-json\/wp\/v2\/tags?post=115132"}],"curies":[{"name":"wp","href":"https:\/\/api.w.org\/{rel}","templated":true}]}}