{"id":115133,"date":"2021-04-18T15:14:05","date_gmt":"2021-04-18T19:14:05","guid":{"rendered":"https:\/\/linitiative.ca\/International\/pros-boudaoui-et-atal-rejouent\/"},"modified":"2021-04-18T15:14:05","modified_gmt":"2021-04-18T19:14:05","slug":"pros-boudaoui-et-atal-rejouent","status":"publish","type":"post","link":"https:\/\/linitiative.ca\/International\/pros-boudaoui-et-atal-rejouent\/","title":{"rendered":"Pros : Boudaoui et Atal rejouent"},"content":{"rendered":"<div readability=\"32\">\n<p>Auteur : <span>Moumen A.<\/span> <span class=\"time\">dimanche 18 avril 2021 15:04<\/span><\/p>\n<\/div>\n<div id=\"post_core\" readability=\"40\">\n<p>Dans ce match perdu deux buts \u00e0 z\u00e9ro\u00a0 \u00e0 l\u2019ext\u00e9rieur contre\u00a0 la lanterne rouge de la Ligue 1, Dijon, les deux internationaux alg\u00e9riens de l\u2019GC Nice Youcef Atal et Hichem Boudaoui ont sign\u00e9 leur retour \u00e0 la comp\u00e9tition. Apr\u00e8s plusieurs jours d\u2019absence pour causes de blessures, Atal et Boudaoui qui avaient rejoint le groupe ni\u00e7ois \u00e0 l\u2019entrainement ont \u00e9t\u00e9 intronis\u00e9s par le coach Andre Ursea \u00e0 la 64\u2019 minute du jeu.\u00a0<\/p>\n<p><strong>Moumen A.<\/strong><\/p>\n<p><strong>Publi\u00e9 dans :<\/strong> <span>Atal<\/span> <span>Boudaoui<\/span><\/p>\n<\/div>\n<p>Auteur:<br \/>\n<a href=\"http:\/\/www.lebuteur.com\/article\/detail?titre=boudaoui-et-atal-rejouent&#038;id=99762&#038;utm_source=feedburner&#038;utm_medium=feed&#038;utm_campaign=Feed%3A+GalerieFArtciles+%28Les+derniers+articles++-+lebuteur.com%29\">Cliquez ici pour lire l&rsquo;article depuis sa source.<\/a><\/p>\n","protected":false},"excerpt":{"rendered":"<p>Auteur : Moumen A. dimanche 18 avril 2021 15:04 Dans ce match perdu deux buts \u00e0 z\u00e9ro\u00a0 \u00e0 l\u2019ext\u00e9rieur contre\u00a0 la lanterne rouge de la Ligue 1, Dijon, les deux internationaux alg\u00e9riens de l\u2019GC Nice Youcef Atal et Hichem Boudaoui ont sign\u00e9 leur retour \u00e0 la comp\u00e9tition. Apr\u00e8s plusieurs jours d\u2019absence pour causes de blessures, [&hellip;]<\/p>\n","protected":false},"author":1738,"featured_media":0,"comment_status":"closed","ping_status":"closed","sticky":false,"template":"","format":"standard","meta":{"fifu_image_url":"\/\/cdn.lebuteur.com\/data\/images\/article\/thumbs\/large-boudaoui-et-atal-rejouent-9793b.jpg","fifu_image_alt":"Pros : Boudaoui et Atal rejouent","footnotes":""},"categories":[53,75],"tags":[],"class_list":["post-115133","post","type-post","status-publish","format-standard","hentry","category-algerie","category-sport"],"_links":{"self":[{"href":"https:\/\/linitiative.ca\/International\/wp-json\/wp\/v2\/posts\/115133","targetHints":{"allow":["GET"]}}],"collection":[{"href":"https:\/\/linitiative.ca\/International\/wp-json\/wp\/v2\/posts"}],"about":[{"href":"https:\/\/linitiative.ca\/International\/wp-json\/wp\/v2\/types\/post"}],"author":[{"embeddable":true,"href":"https:\/\/linitiative.ca\/International\/wp-json\/wp\/v2\/users\/1738"}],"replies":[{"embeddable":true,"href":"https:\/\/linitiative.ca\/International\/wp-json\/wp\/v2\/comments?post=115133"}],"version-history":[{"count":0,"href":"https:\/\/linitiative.ca\/International\/wp-json\/wp\/v2\/posts\/115133\/revisions"}],"wp:attachment":[{"href":"https:\/\/linitiative.ca\/International\/wp-json\/wp\/v2\/media?parent=115133"}],"wp:term":[{"taxonomy":"category","embeddable":true,"href":"https:\/\/linitiative.ca\/International\/wp-json\/wp\/v2\/categories?post=115133"},{"taxonomy":"post_tag","embeddable":true,"href":"https:\/\/linitiative.ca\/International\/wp-json\/wp\/v2\/tags?post=115133"}],"curies":[{"name":"wp","href":"https:\/\/api.w.org\/{rel}","templated":true}]}}