{"id":115134,"date":"2021-04-18T15:14:07","date_gmt":"2021-04-18T19:14:07","guid":{"rendered":"https:\/\/linitiative.ca\/International\/pros-buteur-contre-nice-benzia-renait-de-ses-centres\/"},"modified":"2021-04-18T15:14:07","modified_gmt":"2021-04-18T19:14:07","slug":"pros-buteur-contre-nice-benzia-renait-de-ses-centres","status":"publish","type":"post","link":"https:\/\/linitiative.ca\/International\/pros-buteur-contre-nice-benzia-renait-de-ses-centres\/","title":{"rendered":"Pros : Buteur contre Nice, Benzia renait de ses centres !"},"content":{"rendered":"<div readability=\"32\">\n<p>Auteur : <span>Moumen A.<\/span> <span class=\"time\">dimanche 18 avril 2021 15:10<\/span><\/p>\n<\/div>\n<div id=\"post_core\" readability=\"39\">\n<p>Le milieu offensif alg\u00e9rien Yassine Benzia est en train de renaitre de ses cendres. Donn\u00e9 fini par le football apr\u00e8s son grave accident de Buggy, Yassine a enchain\u00e9 ce dimanche par une troisi\u00e8me\u00a0 titularisation avec le DFCO Dijon. Dans ce duel livr\u00e9 contre l\u2019OGC Nice l\u2019ancien joueur lyonnais qui \u00a0\u00a0a d\u00e9livr\u00e9 sa premi\u00e8re passe d\u00e9cisive de la saison. En seconde p\u00e9riode Benzia a r\u00e9ussi aussi \u00e0 marquer son premier but de l\u2019ann\u00e9e sur p\u00e9nalty, donnant un avantage d\u00e9cisif pour son \u00e9quipe. De bon augure pour l\u2019international alg\u00e9rien qui aspire \u00e0 retrouver son meilleur niveau pour revenir en concurrence en \u00a0s\u00e9lection.\u00a0<\/p>\n<p><strong>Moumen A.<\/strong><\/p>\n<p><strong>Publi\u00e9 dans :<\/strong> <span>benzia<\/span> <span>Belmadi Djamel<\/span><\/p>\n<\/div>\n<p>Auteur:<br \/>\n<a href=\"http:\/\/www.lebuteur.com\/article\/detail?titre=buteur-contre-nice-benzia-renait-de-ses-centres&#038;id=99763&#038;utm_source=feedburner&#038;utm_medium=feed&#038;utm_campaign=Feed%3A+GalerieFArtciles+%28Les+derniers+articles++-+lebuteur.com%29\">Cliquez ici pour lire l&rsquo;article depuis sa source.<\/a><\/p>\n","protected":false},"excerpt":{"rendered":"<p>Auteur : Moumen A. dimanche 18 avril 2021 15:10 Le milieu offensif alg\u00e9rien Yassine Benzia est en train de renaitre de ses cendres. Donn\u00e9 fini par le football apr\u00e8s son grave accident de Buggy, Yassine a enchain\u00e9 ce dimanche par une troisi\u00e8me\u00a0 titularisation avec le DFCO Dijon. Dans ce duel livr\u00e9 contre l\u2019OGC Nice l\u2019ancien [&hellip;]<\/p>\n","protected":false},"author":1738,"featured_media":0,"comment_status":"closed","ping_status":"closed","sticky":false,"template":"","format":"standard","meta":{"fifu_image_url":"\/\/cdn.lebuteur.com\/data\/images\/article\/thumbs\/large-buteur-contre-nice-benzia-rennait-de-ses-centres-c4fd2.jpg","fifu_image_alt":"Pros : Buteur contre Nice, Benzia renait de ses centres !","footnotes":""},"categories":[53,75],"tags":[],"class_list":["post-115134","post","type-post","status-publish","format-standard","hentry","category-algerie","category-sport"],"_links":{"self":[{"href":"https:\/\/linitiative.ca\/International\/wp-json\/wp\/v2\/posts\/115134","targetHints":{"allow":["GET"]}}],"collection":[{"href":"https:\/\/linitiative.ca\/International\/wp-json\/wp\/v2\/posts"}],"about":[{"href":"https:\/\/linitiative.ca\/International\/wp-json\/wp\/v2\/types\/post"}],"author":[{"embeddable":true,"href":"https:\/\/linitiative.ca\/International\/wp-json\/wp\/v2\/users\/1738"}],"replies":[{"embeddable":true,"href":"https:\/\/linitiative.ca\/International\/wp-json\/wp\/v2\/comments?post=115134"}],"version-history":[{"count":0,"href":"https:\/\/linitiative.ca\/International\/wp-json\/wp\/v2\/posts\/115134\/revisions"}],"wp:attachment":[{"href":"https:\/\/linitiative.ca\/International\/wp-json\/wp\/v2\/media?parent=115134"}],"wp:term":[{"taxonomy":"category","embeddable":true,"href":"https:\/\/linitiative.ca\/International\/wp-json\/wp\/v2\/categories?post=115134"},{"taxonomy":"post_tag","embeddable":true,"href":"https:\/\/linitiative.ca\/International\/wp-json\/wp\/v2\/tags?post=115134"}],"curies":[{"name":"wp","href":"https:\/\/api.w.org\/{rel}","templated":true}]}}