{"id":115135,"date":"2021-04-18T15:14:09","date_gmt":"2021-04-18T19:14:09","guid":{"rendered":"https:\/\/linitiative.ca\/International\/pros-bennacer-retrouve-son-niveau\/"},"modified":"2021-04-18T15:14:09","modified_gmt":"2021-04-18T19:14:09","slug":"pros-bennacer-retrouve-son-niveau","status":"publish","type":"post","link":"https:\/\/linitiative.ca\/International\/pros-bennacer-retrouve-son-niveau\/","title":{"rendered":"Pros : Bennacer retrouve son niveau"},"content":{"rendered":"<div readability=\"32\">\n<p>Auteur : <span>Moumen A.<\/span> <span class=\"time\">dimanche 18 avril 2021 15:57<\/span><\/p>\n<\/div>\n<div id=\"post_core\" readability=\"38\">\n<p>A la faveur de leur victoire acquise difficilement contre Genoa\u00a0 en\u00a0 d\u00e9but d\u2019apr\u00e8s-midi,\u00a0 Les Rossoneri confortent leur statut de dauphin\u00a0 de la Serie A derri\u00e8re leur rival l\u2019Inter Milan.\u00a0 Titulaire l\u2019Alg\u00e9rien du Milan AC Ismael Bennacer a montr\u00e9 qu\u2019il \u00e9tait un \u00e9l\u00e9ment tr\u00e8s important. Remplac\u00e9 \u00e0 la 74\u2019 le joueur de l\u2019Equipe nationale, a laiss\u00e9 un grand vide qui a failli couter cher \u00e0 ses camarades en fin de rencontre. L\u2019ensemble des sites italiens\u00a0 sont unanimes\u00a0 le Milan a retrouv\u00e9 un meilleur \u00e9quilibre gr\u00e2ce notamment au retour de Bennacer \u00e0 son meilleur niveau. Sofascore.com lui a attribu\u00e9 un 7\/10 comme note de match, malgr\u00e9 son changement avant le dernier quart d\u2019heure\u00a0 du match.<\/p>\n<p><strong>Moumen A.<\/strong><\/p>\n<p><strong>Publi\u00e9 dans :<\/strong> <span>BENNACER<\/span><\/p>\n<\/div>\n<p>Auteur:<br \/>\n<a href=\"http:\/\/www.lebuteur.com\/article\/detail?titre=bennacer-retrouve-son-niveau&#038;id=99760&#038;utm_source=feedburner&#038;utm_medium=feed&#038;utm_campaign=Feed%3A+GalerieFArtciles+%28Les+derniers+articles++-+lebuteur.com%29\">Cliquez ici pour lire l&rsquo;article depuis sa source.<\/a><\/p>\n","protected":false},"excerpt":{"rendered":"<p>Auteur : Moumen A. dimanche 18 avril 2021 15:57 A la faveur de leur victoire acquise difficilement contre Genoa\u00a0 en\u00a0 d\u00e9but d\u2019apr\u00e8s-midi,\u00a0 Les Rossoneri confortent leur statut de dauphin\u00a0 de la Serie A derri\u00e8re leur rival l\u2019Inter Milan.\u00a0 Titulaire l\u2019Alg\u00e9rien du Milan AC Ismael Bennacer a montr\u00e9 qu\u2019il \u00e9tait un \u00e9l\u00e9ment tr\u00e8s important. Remplac\u00e9 \u00e0 [&hellip;]<\/p>\n","protected":false},"author":1738,"featured_media":0,"comment_status":"closed","ping_status":"closed","sticky":false,"template":"","format":"standard","meta":{"fifu_image_url":"\/\/cdn.lebuteur.com\/data\/images\/article\/thumbs\/large-bennacer-retrouve-son-niveau-c29a8.jpg","fifu_image_alt":"Pros : Bennacer retrouve son niveau","footnotes":""},"categories":[53,75],"tags":[],"class_list":["post-115135","post","type-post","status-publish","format-standard","hentry","category-algerie","category-sport"],"_links":{"self":[{"href":"https:\/\/linitiative.ca\/International\/wp-json\/wp\/v2\/posts\/115135","targetHints":{"allow":["GET"]}}],"collection":[{"href":"https:\/\/linitiative.ca\/International\/wp-json\/wp\/v2\/posts"}],"about":[{"href":"https:\/\/linitiative.ca\/International\/wp-json\/wp\/v2\/types\/post"}],"author":[{"embeddable":true,"href":"https:\/\/linitiative.ca\/International\/wp-json\/wp\/v2\/users\/1738"}],"replies":[{"embeddable":true,"href":"https:\/\/linitiative.ca\/International\/wp-json\/wp\/v2\/comments?post=115135"}],"version-history":[{"count":0,"href":"https:\/\/linitiative.ca\/International\/wp-json\/wp\/v2\/posts\/115135\/revisions"}],"wp:attachment":[{"href":"https:\/\/linitiative.ca\/International\/wp-json\/wp\/v2\/media?parent=115135"}],"wp:term":[{"taxonomy":"category","embeddable":true,"href":"https:\/\/linitiative.ca\/International\/wp-json\/wp\/v2\/categories?post=115135"},{"taxonomy":"post_tag","embeddable":true,"href":"https:\/\/linitiative.ca\/International\/wp-json\/wp\/v2\/tags?post=115135"}],"curies":[{"name":"wp","href":"https:\/\/api.w.org\/{rel}","templated":true}]}}