{"id":115137,"date":"2021-04-18T15:14:13","date_gmt":"2021-04-18T19:14:13","guid":{"rendered":"https:\/\/linitiative.ca\/International\/pros-ol-slimani-titulaire-face-a-nantes\/"},"modified":"2021-04-18T15:14:13","modified_gmt":"2021-04-18T19:14:13","slug":"pros-ol-slimani-titulaire-face-a-nantes","status":"publish","type":"post","link":"https:\/\/linitiative.ca\/International\/pros-ol-slimani-titulaire-face-a-nantes\/","title":{"rendered":"Pros : OL : Slimani titulaire face \u00e0 Nantes"},"content":{"rendered":"<div readability=\"32\">\n<p>Auteur : <span class=\"time\">dimanche 18 avril 2021 19:16<\/span><\/p>\n<\/div>\n<div id=\"post_core\" readability=\"54\">\n<p>Pour cette partie, Islam Slimani profite une nouvelle fois de l&rsquo;absence de Kadewere pour s&rsquo;offrir une deuxi\u00e8me titularisation de suite en championnat. Benlamri est absent pour cette rencontre. Voici la composition des deux \u00e9quipes.<\/p>\n<p><strong>Nantes :<\/strong> Lafont &#8211; Fabio, Castelletto, Pallois (c), Traor\u00e9 &#8211; Simon, Chirivella, Louza, Blas &#8211; Coulibaly, Kolo Muani.<\/p>\n<p><strong>Lyon :<\/strong> Lopes &#8211; Dubois, Marcelo, Denayer, Cornet &#8211; Caqueret, Guimaraes &#8211; Toko Ekambi, Paqueta, Depay (c) &#8211; Slimani.<\/p>\n<p><strong>Publi\u00e9 dans :<\/strong> <span>slimani<\/span><\/p>\n<\/div>\n<p>Auteur:<br \/>\n<a href=\"http:\/\/www.lebuteur.com\/article\/detail?titre=ol-slimani-titulaire-face-a-nantes&#038;id=99764&#038;utm_source=feedburner&#038;utm_medium=feed&#038;utm_campaign=Feed%3A+GalerieFArtciles+%28Les+derniers+articles++-+lebuteur.com%29\">Cliquez ici pour lire l&rsquo;article depuis sa source.<\/a><\/p>\n","protected":false},"excerpt":{"rendered":"<p>Auteur : dimanche 18 avril 2021 19:16 Pour cette partie, Islam Slimani profite une nouvelle fois de l&rsquo;absence de Kadewere pour s&rsquo;offrir une deuxi\u00e8me titularisation de suite en championnat. Benlamri est absent pour cette rencontre. Voici la composition des deux \u00e9quipes. Nantes : Lafont &#8211; Fabio, Castelletto, Pallois (c), Traor\u00e9 &#8211; Simon, Chirivella, Louza, Blas [&hellip;]<\/p>\n","protected":false},"author":1738,"featured_media":0,"comment_status":"closed","ping_status":"closed","sticky":false,"template":"","format":"standard","meta":{"fifu_image_url":"\/\/cdn.lebuteur.com\/data\/images\/article\/thumbs\/large-ol-slimani-titulaire-face-a-nantes-e647f.jpg","fifu_image_alt":"Pros : OL : Slimani titulaire face \u00e0 Nantes","footnotes":""},"categories":[53,75],"tags":[],"class_list":["post-115137","post","type-post","status-publish","format-standard","hentry","category-algerie","category-sport"],"_links":{"self":[{"href":"https:\/\/linitiative.ca\/International\/wp-json\/wp\/v2\/posts\/115137","targetHints":{"allow":["GET"]}}],"collection":[{"href":"https:\/\/linitiative.ca\/International\/wp-json\/wp\/v2\/posts"}],"about":[{"href":"https:\/\/linitiative.ca\/International\/wp-json\/wp\/v2\/types\/post"}],"author":[{"embeddable":true,"href":"https:\/\/linitiative.ca\/International\/wp-json\/wp\/v2\/users\/1738"}],"replies":[{"embeddable":true,"href":"https:\/\/linitiative.ca\/International\/wp-json\/wp\/v2\/comments?post=115137"}],"version-history":[{"count":0,"href":"https:\/\/linitiative.ca\/International\/wp-json\/wp\/v2\/posts\/115137\/revisions"}],"wp:attachment":[{"href":"https:\/\/linitiative.ca\/International\/wp-json\/wp\/v2\/media?parent=115137"}],"wp:term":[{"taxonomy":"category","embeddable":true,"href":"https:\/\/linitiative.ca\/International\/wp-json\/wp\/v2\/categories?post=115137"},{"taxonomy":"post_tag","embeddable":true,"href":"https:\/\/linitiative.ca\/International\/wp-json\/wp\/v2\/tags?post=115137"}],"curies":[{"name":"wp","href":"https:\/\/api.w.org\/{rel}","templated":true}]}}