{"id":115140,"date":"2021-04-18T07:00:00","date_gmt":"2021-04-18T11:00:00","guid":{"rendered":"https:\/\/linitiative.ca\/International\/une-nouvelle-equipe-dirigeante-pour-jeter-les-bases-de-la-libye-nouvelle\/"},"modified":"2021-04-18T07:00:00","modified_gmt":"2021-04-18T11:00:00","slug":"une-nouvelle-equipe-dirigeante-pour-jeter-les-bases-de-la-libye-nouvelle","status":"publish","type":"post","link":"https:\/\/linitiative.ca\/International\/une-nouvelle-equipe-dirigeante-pour-jeter-les-bases-de-la-libye-nouvelle\/","title":{"rendered":"Une nouvelle \u00e9quipe dirigeante pour jeter les bases de la Libye nouvelle"},"content":{"rendered":"<p><strong><span class=\"c2\"><em><img decoding=\"async\" src=\"\/uploads\/FCK_files\/Mohamed-Brahim-Hsairi(2).jpg\" width=\"20%\" vspace=\"5\" hspace=\"5\" align=\"left\" alt=\"\"\/>Par Mohamed Ibrahim Hsairi &#8211;<\/em><\/span> A l\u2019or\u00e9e de la onzi\u00e8me ann\u00e9e apr\u00e8s la r\u00e9volution du 17 f\u00e9vrier 2011, et au terme d\u2019une v\u00e9ritable \u00abd\u00e9cennie noire\u00bb, une d\u00e9cennie de chaos, de violences, de d\u00e9chirements, de luttes de pouvoir et d\u2019ing\u00e9rences \u00e9trang\u00e8res, la Libye vient de se doter d\u2019une nouvelle \u00e9quipe dirigeante qui, esp\u00e9rons-le, engagera le pays sur la voie de la reconstruction et jettera les bases de la Libye nouvelle.<\/strong><\/p>\n<p><strong>Constitu\u00e9e d\u2019un nouveau Conseil pr\u00e9sidentiel int\u00e9rimaire compos\u00e9 d\u2019un pr\u00e9sident et de deux vice-pr\u00e9sidents issus des trois r\u00e9gions du pays (Mohammed Younes el-Menfi, Moussa Al-Koni et Abdallah Hussein Al-Lafi), d\u2019un nouveau Premier ministre (Abdelhamid Dbeibah), de deux vice-Premiers ministres (Hussein Atiya Abdul Hafeez Al-Qatrani et Ramadhan Ahmed Boujenah) et d\u2019un gouvernement de 33 ministres, dont cinq femmes, cette \u00e9quipe aura, en effet, pour mission de consacrer la sortie de la Libye de sa crise en assurant la transition et en pr\u00e9parant le double scrutin pr\u00e9sidentiel et parlementaire pr\u00e9vu pour le 24 d\u00e9cembre 2021, c\u2019est-\u00e0-dire dans seulement neuf mois.<\/strong><\/p>\n<p>Bien qu\u2019elle ait suscit\u00e9 beaucoup d\u2019espoir chez le peuple libyen et qu\u2019elle ait \u00e9t\u00e9 salu\u00e9e presque par tout le monde et dans le monde entier, la mise en place de cette nouvelle \u00e9quipe dirigeante qui constitue, certes, une importante perc\u00e9e politique et un grand pas sur le long chemin que la Libye aura, encore, \u00e0 parcourir dans sa qu\u00eate de la paix, il faut dire que sa t\u00e2che ne sera pas ais\u00e9e.<\/p>\n<p>En effet, elle aura, au moins, trois d\u00e9fis de taille \u00e0 relever. Il s\u2019agit, tout d\u2019abord, du d\u00e9fi relatif \u00e0 la r\u00e9conciliation nationale et la r\u00e9unification des institutions de l\u2019Etat libyen.<\/p>\n<p>A cet \u00e9gard, il est \u00e0 remarquer que le nouvel ex\u00e9cutif, et en particulier le Premier ministre Abdelhamid Dbeibah, et les membres de son gouvernement, qui ont jur\u00e9, en pr\u00eatant serment, \u00abde pr\u00e9server l\u2019unit\u00e9, la s\u00e9curit\u00e9 et l\u2019int\u00e9grit\u00e9\u00bb de leur pays, auront \u00e0 affronter de nombreux acteurs antagonistes qui, tant sur le plan interne que sur le plan externe, continuent \u00e0 influer sur la d\u00e9cision politique et ne souhaitent pas leur succ\u00e8s.<\/p>\n<p>Toutefois, d\u2019aucuns estiment qu\u2019en ayant su former un gouvernement d\u2019union nationale et \u00abrepr\u00e9sentatif de l\u2019ensemble des Libyens\u00bb gr\u00e2ce \u00e0 une r\u00e9partition aussi \u00e9quitable que possible des postes entre les groupes d\u2019int\u00e9r\u00eat et les r\u00e9gions, ce qui lui a permis d\u2019obtenir un vote de confiance \u00abhistorique\u00bb\u00a0 de 132 sur les 133 membres pr\u00e9sents de la Chambre des repr\u00e9sentants, Abdelhamid Dbeibah sera, en principe, capable de r\u00e9unir les conditions n\u00e9cessaires et trouver la formule idoine pour r\u00e9unifier son pays profond\u00e9ment divis\u00e9. D\u2019ailleurs, pour ce faire, et afin de pouvoir s\u00e9curiser le pays, surmonter les divisions et instaurer la paix sociale, il envisage de lancer un processus global de r\u00e9conciliation nationale par la cr\u00e9ation\u00a0 de comit\u00e9s internes de r\u00e9conciliation qui auront pour mission de rapprocher les diff\u00e9rentes composantes du peuple libyen, les tribus et les communaut\u00e9s rivales et bellig\u00e9rantes.<\/p>\n<p>Parall\u00e8lement, il s\u2019attellera, en collaboration avec le Conseil pr\u00e9sidentiel, \u00e0 l\u2019\u00e9laboration de la loi \u00e9lectorale et de la constitution en pr\u00e9vision de l\u2019organisation des \u00e9lections pr\u00e9sidentielles et l\u00e9gislatives.<\/p>\n<p>Quant au second d\u00e9fi auquel la nouvelle \u00e9quipe dirigeante fera face, il est socio\u00e9conomique. Dans un pays meurtri par une d\u00e9cennie de guerre, et de surcro\u00eet fortement frapp\u00e9 par l\u2019\u00e9pid\u00e9mie de coronavirus, les attentes de la population dont le quotidien est rythm\u00e9 par les p\u00e9nuries de toutes sortes, la d\u00e9faillance des services essentiels et\u00a0 l\u2019inflation sont \u00e9normes et pressantes. Aussi le nouveau gouvernement est-il appel\u00e9, en premier lieu, \u00e0 mobiliser les moyens n\u00e9cessaires pour le lancement, de toute urgence, de la vaccination contre le coronavirus.<\/p>\n<p>D\u2019autre part et en m\u00eame temps, il est appel\u00e9 \u00e0 accorder une attention particuli\u00e8re aux difficult\u00e9s de la vie quotidienne du peuple libyen. A cet effet, il envisage de pr\u00e9parer un budget de compensation pour l\u2019ann\u00e9e en cours.<\/p>\n<p>Enfin, s\u2019agissant du troisi\u00e8me d\u00e9fi, il est de nature militaro-s\u00e9curitaire. Sur ce plan, le maintien et le renforcement du cessez-le-feu sign\u00e9 le 23 octobre 2020 n\u00e9cessiteront la planification du d\u00e9sarmement, de la d\u00e9mobilisation et de la r\u00e9int\u00e9gration des groupes arm\u00e9s libyens. Cette t\u00e2che sera particuli\u00e8rement ardue, car malgr\u00e9 la fin des combats entre les deux camps libyens depuis l\u2019\u00e9t\u00e9 dernier, la Libye demeure min\u00e9e par les luttes d\u2019influence, le poids des milices et la pr\u00e9sence de mercenaires \u00e9trangers.<br \/>Une r\u00e9forme du secteur de la s\u00e9curit\u00e9 et la mise en place d\u2019une architecture de s\u00e9curit\u00e9 inclusive et dirig\u00e9e par des civils pour l\u2019ensemble du pays seront donc indispensables.<\/p>\n<p>Sera \u00e9galement indispensable la r\u00e9alisation du retrait des forces \u00e9trang\u00e8res et des mercenaires que le Conseil de s\u00e9curit\u00e9 de l\u2019ONU ne cesse de r\u00e9clamer. En t\u00e9moigne sa derni\u00e8re d\u00e9claration approuv\u00e9e \u00e0 l\u2019unanimit\u00e9 de ses membres et publi\u00e9e le vendredi 12 mars 2021 pour demander le retrait, sans plus tarder, de toutes les forces \u00e9trang\u00e8res et des mercenaires de Libye, appeler toutes les parties \u00e0 appliquer pleinement l\u2019accord de cessez-le-feu du 23 octobre 2020 et exhorter les \u00c9tats membres \u00e0 respecter et \u00e0 soutenir la pleine application de l\u2019accord.<\/p>\n<p>Il est \u00e0 rappeler que selon l\u2019ONU, environ 20 000 militaires et mercenaires se trouvaient encore fin 2020 en Libye et aucun mouvement de retrait n\u2019a \u00e9t\u00e9 constat\u00e9 \u00e0 ce jour.<\/p>\n<p>Tout en reconnaissant que tous ces d\u00e9fis sont, comme les qualifient certains observateurs, colossaux, et sans tomber dans un optimisme outre mesure, ni dans un pessimisme excessif, il me semble que la nouvelle \u00e9quipe dirigeante libyenne saura les relever.<br \/>Mais pour ce faire, elle devrait faire preuve de pragmatisme et de beaucoup d\u2019imagination, afin de pouvoir identifier la meilleure mani\u00e8re de mener \u00e0 bien sa d\u00e9licate mission. Une mani\u00e8re qui ne soit ni trop s\u00e9v\u00e8re ni trop complaisante, pour amener les diff\u00e9rentes parties \u00e0 assouplir leurs positions et faire les concessions n\u00e9cessaires pour trouver un terrain d\u2019entente \u00e0 m\u00eame de r\u00e9instaurer la paix en Libye et de servir les plus hauts int\u00e9r\u00eats du peuple libyen.<\/p>\n<p>Quant aux Libyens qui ont longtemps \u00e9t\u00e9 d\u00e9\u00e7us par l\u2019\u00e9chec des accords conclus mais rest\u00e9s lettre morte durant les derni\u00e8res ann\u00e9es, ils auront besoin de rompre avec leur d\u00e9ception, de croire en la r\u00e9ussite du processus actuel et d\u2019aider la nouvelle autorit\u00e9 ex\u00e9cutive \u00e0 le mener \u00e0 bien, d\u2019autant plus que ses membres font figure d\u2019outsiders, ce qui suppose qu\u2019ils viennent avec une nouvelle vision et une approche diff\u00e9rente.<\/p>\n<p>En outre, le Premier ministre devra savoir tirer parti des atouts dont il dispose en ce moment sur le plan externe et qui sont en particulier les suivants:<\/p>\n<p class=\"c4\"><span class=\"c3\"><strong>1\/<\/strong><\/span> Le changement de l\u2019attitude des acteurs \u00e9trangers impliqu\u00e9s en Libye qui semblent, cette fois-ci, anim\u00e9s d\u2019une r\u00e9elle volont\u00e9 de parvenir \u00e0 la paix, et de renoncer \u00e0 leur duplicit\u00e9 qui, selon les dires de Ghassan Salam\u00e9, l\u2019ancien envoy\u00e9 sp\u00e9cial de l\u2019ONU en Libye, les faisaient dire une chose et faire son contraire.<\/p>\n<p class=\"c4\"><span class=\"c3\"><strong>2\/<\/strong><\/span> Le retour des \u00c9tats-Unis, surtout avec l\u2019arriv\u00e9e du Pr\u00e9sident Joe Biden, dans le dossier libyen et sa volont\u00e9, du moins affich\u00e9e, de mettre un terme \u00e0 la guerre en Libye.<\/p>\n<p class=\"c4\"><span class=\"c3\"><strong>3\/<\/strong><\/span> L\u2019appui du Conseil de s\u00e9curit\u00e9 des Nations unies qui a approuv\u00e9, le 4 f\u00e9vrier dernier, la requ\u00eate du secr\u00e9taire g\u00e9n\u00e9ral de l\u2019ONU, Antonio Guterres, portant sur l\u2019envoi d\u2019une \u00e9quipe onusienne pour surveiller le cessez-le-feu en Libye, puis a d\u00e9p\u00each\u00e9 le 4 mars dernier une \u00e9quipe r\u00e9duite d\u2019observateurs onusiens dans la ville de Syrte en vue de mettre sur pied le m\u00e9canisme de son contr\u00f4le.<\/p>\n<p class=\"c4\"><span class=\"c3\"><strong>4\/<\/strong><\/span> Les liens qu\u2019il entretient avec la Turquie d\u2019une part, et la Russie d\u2019autre part, sachant qu\u2019il s\u2019est d\u00e9j\u00e0 d\u00e9clar\u00e9 pr\u00eat \u00e0 renforcer les relations de la Libye avec Ankara et a affirm\u00e9 qu\u2019il est en faveur d\u2019un grand partenariat entre les deux pays. Ces liens pourraient lui \u00eatre utiles dans la recherche, avec ces deux pays qui soutiennent les deux principales parties rivales libyennes, les arrangements n\u00e9cessaires qui l\u2019aideraient \u00e0 faire progresser le processus de r\u00e9conciliation et de pacification de la Libye.<\/p>\n<p class=\"c4\"><span class=\"c3\"><strong>5\/<\/strong><\/span> Le soutien qu\u2019il pourra trouver et sur lequel il pourra compter aupr\u00e8s des pays maghr\u00e9bins voisins et \u00e0 leur t\u00eate la Tunisie dont le pr\u00e9sident a tenu, dans un geste louable, \u00e0 \u00eatre le premier chef d\u2019\u00c9tat \u00e0 se rendre en Libye apr\u00e8s l\u2019\u00e9lection de sa nouvelle autorit\u00e9 ex\u00e9cutive. En effet, par cette visite, le Pr\u00e9sident Ka\u00efs Sa\u00efed a \u00e9loquemment dit aux fr\u00e8res libyens que la Tunisie est d\u00e9termin\u00e9e \u00e0 accompagner leur processus de transition et \u00e0 la reconstruction de leur Libye nouvelle.<\/p>\n<p><span class=\"c5\"><strong>Qui est le nouveau Premier ministre Abdelhamid Dbeiba?<\/strong><\/span><\/p>\n<p>N\u00e9 en 1958 \u00e0 Misrata, le nouveau Premier ministre Abdelhamid Dbeiba est l\u2019un des hommes forts de cette ville situ\u00e9e \u00e0 200 km \u00e0 l\u2019est de Tripoli et consid\u00e9r\u00e9e comme le bastion de la r\u00e9volution libyenne.<br \/>Titulaire d\u2019un master en planification et techniques du b\u00e2timent de l\u2019universit\u00e9 de Toronto au Canada, il a occup\u00e9 des fonctions importantes et a b\u00e2ti sa fortune sous le r\u00e9gime de Mouammar Kadhafi durant lequel il a dirig\u00e9 la Compagnie libyenne d\u2019investissement et de d\u00e9veloppement (la Lidco), une soci\u00e9t\u00e9 \u00e9tatique, \u00e0 travers laquelle il a men\u00e9 de vastes projets de construction.<\/p>\n<p>De 1989 \u00e0 2011, il est chef de projets de l\u2019Organisation pour le d\u00e9veloppement des centres administratifs (Odac), l\u2019autre g\u00e9ant des investissements libyens charg\u00e9 de moderniser les infrastructures. Aujourd\u2019hui, il dirige une holding dont les filiales s\u2019\u00e9tendent jusqu\u2019en Turquie.<\/p>\n<p>Au-del\u00e0 de ses affaires, il est l\u2019ex-patron du club de football tripolitain Al-Ittihad qui est l\u2019un des plus embl\u00e9matiques en Libye.<\/p>\n<p>En 2018, il a fond\u00e9 son propre mouvement, Avenir de la Libye (Libya al-Mustakbal), sur un programme de r\u00e9unification du pays.<\/p>\n<p>Il est per\u00e7u comme un homme consensuel capable de faire le grand \u00e9cart entre les diff\u00e9rents courants id\u00e9ologiques libyens.<\/p>\n<p>Il a de bonnes connexions avec Ali al-Sallabi, le pr\u00e9dicateur des Fr\u00e8res musulmans en Libye, mais \u00e9galement avec les kadhafistes.<\/p>\n<p>Par ailleurs, il n\u2019est pas ferm\u00e9 \u00e0 des discussions avec le camp de l\u2019Est.<\/p>\n<p>\u00c0 l\u2019\u00e9tranger, il s\u2019est \u00e9galement forg\u00e9 de solides r\u00e9seaux et b\u00e9n\u00e9ficie d\u2019un carnet d\u2019adresses touffu.<\/p>\n<p>Il est proche de la Turquie, soutien de Tripoli, o\u00f9 il a nou\u00e9 d\u2019importantes relations commerciales. Mais il cultive aussi de bonnes relations avec Moscou, alli\u00e9 du g\u00e9n\u00e9ral Khalifa Haftar.<\/p>\n<p class=\"c6\"><strong>Mohamed Ibrahim Hsairi<\/strong><br \/>\u00a0<\/p>\n<p>Auteur:<br \/>\n<a href=\"https:\/\/www.leaders.com.tn\/article\/31743-une-nouvelle-equipe-dirigeante-pour-jeter-les-bases-de-la-libye-nouvelle\">Cliquez ici pour lire l&rsquo;article depuis sa source.<\/a><\/p>\n","protected":false},"excerpt":{"rendered":"<p>Par Mohamed Ibrahim Hsairi &#8211; A l\u2019or\u00e9e de la onzi\u00e8me ann\u00e9e apr\u00e8s la r\u00e9volution du 17 f\u00e9vrier 2011, et au terme d\u2019une v\u00e9ritable \u00abd\u00e9cennie noire\u00bb, une d\u00e9cennie de chaos, de violences, de d\u00e9chirements, de luttes de pouvoir et d\u2019ing\u00e9rences \u00e9trang\u00e8res, la Libye vient de se doter d\u2019une nouvelle \u00e9quipe dirigeante qui, esp\u00e9rons-le, engagera le pays [&hellip;]<\/p>\n","protected":false},"author":1772,"featured_media":0,"comment_status":"closed","ping_status":"closed","sticky":false,"template":"","format":"standard","meta":{"fifu_image_url":"\/uploads\/FCK_files\/Mohamed-Brahim-Hsairi(2).jpg","fifu_image_alt":"Une nouvelle \u00e9quipe dirigeante pour jeter les bases de la Libye nouvelle","footnotes":""},"categories":[73,55],"tags":[],"class_list":["post-115140","post","type-post","status-publish","format-standard","hentry","category-actualite","category-tunisie"],"_links":{"self":[{"href":"https:\/\/linitiative.ca\/International\/wp-json\/wp\/v2\/posts\/115140","targetHints":{"allow":["GET"]}}],"collection":[{"href":"https:\/\/linitiative.ca\/International\/wp-json\/wp\/v2\/posts"}],"about":[{"href":"https:\/\/linitiative.ca\/International\/wp-json\/wp\/v2\/types\/post"}],"author":[{"embeddable":true,"href":"https:\/\/linitiative.ca\/International\/wp-json\/wp\/v2\/users\/1772"}],"replies":[{"embeddable":true,"href":"https:\/\/linitiative.ca\/International\/wp-json\/wp\/v2\/comments?post=115140"}],"version-history":[{"count":0,"href":"https:\/\/linitiative.ca\/International\/wp-json\/wp\/v2\/posts\/115140\/revisions"}],"wp:attachment":[{"href":"https:\/\/linitiative.ca\/International\/wp-json\/wp\/v2\/media?parent=115140"}],"wp:term":[{"taxonomy":"category","embeddable":true,"href":"https:\/\/linitiative.ca\/International\/wp-json\/wp\/v2\/categories?post=115140"},{"taxonomy":"post_tag","embeddable":true,"href":"https:\/\/linitiative.ca\/International\/wp-json\/wp\/v2\/tags?post=115140"}],"curies":[{"name":"wp","href":"https:\/\/api.w.org\/{rel}","templated":true}]}}