{"id":115143,"date":"2021-04-18T06:00:00","date_gmt":"2021-04-18T10:00:00","guid":{"rendered":"https:\/\/linitiative.ca\/International\/3-films-sur-la-revolution\/"},"modified":"2021-04-18T06:00:00","modified_gmt":"2021-04-18T10:00:00","slug":"3-films-sur-la-revolution","status":"publish","type":"post","link":"https:\/\/linitiative.ca\/International\/3-films-sur-la-revolution\/","title":{"rendered":"3 films sur la R\u00e9volution"},"content":{"rendered":"<p class=\"c3\">Le minist\u00e8re des Moudjahidine et des Ayants droit pr\u00e9pare des cahiers des charges pour la r\u00e9alisation de films sur la R\u00e9volution. Le d\u00e9partement de Tayeb Zitouni compte, ainsi, entamer cette s\u00e9rie par trois films consacr\u00e9s aux biographies respectives des chahids Zighoud Youcef, Si El Hou\u00e8s et Ahmed Bougara. \u00c0 cet effet, le minist\u00e8re est en qu\u00eate de sc\u00e9naristes professionnels, \u00e9tape cruciale pour la r\u00e9ussite d\u2019un produit du genre. D\u2019o\u00f9 les conditions s\u00e9v\u00e8res pr\u00e9vues pr\u00e9alablement par les responsables du minist\u00e8re quant au choix des sc\u00e9naristes en question.<\/p>\n<p>Auteur:<br \/>\n<a href=\"https:\/\/www.lesoirdalgerie.com\/periscoop\/3-films-sur-la-revolution-59776\">Cliquez ici pour lire l&rsquo;article depuis sa source.<\/a><\/p>\n","protected":false},"excerpt":{"rendered":"<p>Le minist\u00e8re des Moudjahidine et des Ayants droit pr\u00e9pare des cahiers des charges pour la r\u00e9alisation de films sur la R\u00e9volution. Le d\u00e9partement de Tayeb Zitouni compte, ainsi, entamer cette s\u00e9rie par trois films consacr\u00e9s aux biographies respectives des chahids Zighoud Youcef, Si El Hou\u00e8s et Ahmed Bougara. \u00c0 cet effet, le minist\u00e8re est en [&hellip;]<\/p>\n","protected":false},"author":1741,"featured_media":0,"comment_status":"closed","ping_status":"closed","sticky":false,"template":"","format":"standard","meta":{"fifu_image_url":"","fifu_image_alt":"","footnotes":""},"categories":[73,53],"tags":[],"class_list":["post-115143","post","type-post","status-publish","format-standard","hentry","category-actualite","category-algerie"],"_links":{"self":[{"href":"https:\/\/linitiative.ca\/International\/wp-json\/wp\/v2\/posts\/115143","targetHints":{"allow":["GET"]}}],"collection":[{"href":"https:\/\/linitiative.ca\/International\/wp-json\/wp\/v2\/posts"}],"about":[{"href":"https:\/\/linitiative.ca\/International\/wp-json\/wp\/v2\/types\/post"}],"author":[{"embeddable":true,"href":"https:\/\/linitiative.ca\/International\/wp-json\/wp\/v2\/users\/1741"}],"replies":[{"embeddable":true,"href":"https:\/\/linitiative.ca\/International\/wp-json\/wp\/v2\/comments?post=115143"}],"version-history":[{"count":0,"href":"https:\/\/linitiative.ca\/International\/wp-json\/wp\/v2\/posts\/115143\/revisions"}],"wp:attachment":[{"href":"https:\/\/linitiative.ca\/International\/wp-json\/wp\/v2\/media?parent=115143"}],"wp:term":[{"taxonomy":"category","embeddable":true,"href":"https:\/\/linitiative.ca\/International\/wp-json\/wp\/v2\/categories?post=115143"},{"taxonomy":"post_tag","embeddable":true,"href":"https:\/\/linitiative.ca\/International\/wp-json\/wp\/v2\/tags?post=115143"}],"curies":[{"name":"wp","href":"https:\/\/api.w.org\/{rel}","templated":true}]}}