{"id":115144,"date":"2021-04-18T06:00:00","date_gmt":"2021-04-18T10:00:00","guid":{"rendered":"https:\/\/linitiative.ca\/International\/youm-el-ilm\/"},"modified":"2021-04-18T06:00:00","modified_gmt":"2021-04-18T10:00:00","slug":"youm-el-ilm","status":"publish","type":"post","link":"https:\/\/linitiative.ca\/International\/youm-el-ilm\/","title":{"rendered":"Youm el Ilm"},"content":{"rendered":"<p class=\"c3\">\u00c7a fait des d\u00e9cennies que le 16 avril est la Journ\u00e9e du savoir. Pffft ! Mais l\u00e0, on s\u2019est dit soudain : pourquoi le 16 avril et pas le 4 d\u00e9cembre, par exemple ? Renseignement pris, c\u2019est l\u2019anniversaire de la mort de Ben Badis, le boss des oul\u00e9mas. La question est de savoir pourquoi on comm\u00e9more la date de sa mort et non pas celle de sa naissance !\u00a0<br \/><em><strong>A. T.<\/strong><\/em><\/p>\n<p>Auteur:<br \/>\n<a href=\"https:\/\/www.lesoirdalgerie.com\/digoutage\/youm-el-ilm-59775\">Cliquez ici pour lire l&rsquo;article depuis sa source.<\/a><\/p>\n","protected":false},"excerpt":{"rendered":"<p>\u00c7a fait des d\u00e9cennies que le 16 avril est la Journ\u00e9e du savoir. Pffft ! Mais l\u00e0, on s\u2019est dit soudain : pourquoi le 16 avril et pas le 4 d\u00e9cembre, par exemple ? Renseignement pris, c\u2019est l\u2019anniversaire de la mort de Ben Badis, le boss des oul\u00e9mas. La question est de savoir pourquoi on [&hellip;]<\/p>\n","protected":false},"author":1741,"featured_media":0,"comment_status":"closed","ping_status":"closed","sticky":false,"template":"","format":"standard","meta":{"fifu_image_url":"","fifu_image_alt":"","footnotes":""},"categories":[73,53],"tags":[],"class_list":["post-115144","post","type-post","status-publish","format-standard","hentry","category-actualite","category-algerie"],"_links":{"self":[{"href":"https:\/\/linitiative.ca\/International\/wp-json\/wp\/v2\/posts\/115144","targetHints":{"allow":["GET"]}}],"collection":[{"href":"https:\/\/linitiative.ca\/International\/wp-json\/wp\/v2\/posts"}],"about":[{"href":"https:\/\/linitiative.ca\/International\/wp-json\/wp\/v2\/types\/post"}],"author":[{"embeddable":true,"href":"https:\/\/linitiative.ca\/International\/wp-json\/wp\/v2\/users\/1741"}],"replies":[{"embeddable":true,"href":"https:\/\/linitiative.ca\/International\/wp-json\/wp\/v2\/comments?post=115144"}],"version-history":[{"count":0,"href":"https:\/\/linitiative.ca\/International\/wp-json\/wp\/v2\/posts\/115144\/revisions"}],"wp:attachment":[{"href":"https:\/\/linitiative.ca\/International\/wp-json\/wp\/v2\/media?parent=115144"}],"wp:term":[{"taxonomy":"category","embeddable":true,"href":"https:\/\/linitiative.ca\/International\/wp-json\/wp\/v2\/categories?post=115144"},{"taxonomy":"post_tag","embeddable":true,"href":"https:\/\/linitiative.ca\/International\/wp-json\/wp\/v2\/tags?post=115144"}],"curies":[{"name":"wp","href":"https:\/\/api.w.org\/{rel}","templated":true}]}}