{"id":115146,"date":"2021-04-18T06:00:00","date_gmt":"2021-04-18T10:00:00","guid":{"rendered":"https:\/\/linitiative.ca\/International\/de-tamanrasset-a-lausanne-la-tragedie-dun-marathonien-algerien\/"},"modified":"2021-04-18T06:00:00","modified_gmt":"2021-04-18T10:00:00","slug":"de-tamanrasset-a-lausanne-la-tragedie-dun-marathonien-algerien","status":"publish","type":"post","link":"https:\/\/linitiative.ca\/International\/de-tamanrasset-a-lausanne-la-tragedie-dun-marathonien-algerien\/","title":{"rendered":"De Tamanrasset \u00e0 Lausanne, la trag\u00e9die d\u2019un marathonien alg\u00e9rien"},"content":{"rendered":"<p class=\"c3\">Tout commence par l\u2019\u00e9vocation d\u2019un souvenir anodin racont\u00e9 \u00e0 des amis, Meziane Ourad et l\u2019acteur Ahmed Bena\u00efssa. Ce dernier \u00e9tait du voyage lorsqu\u2019en 1988, nous avons fait le d\u00e9placement \u00e0 Tamanrasset pour un compl\u00e9ment de tournage d\u2019un film de Rabie Benmokhtar, Marathon Tam.<br \/>L\u2019\u0153uvre ne sera achev\u00e9e qu\u2019en 1992.\u00a0 Presque personne n\u2019a pu voir le film, bloqu\u00e9 dans un laboratoire, en Tunisie, pour d\u00e9faut de paiement d\u2019op\u00e9rations de postproduction. Hallucinant de d\u00e9penser autant pour un film et de le perdre pour quelques factures finales.<br \/>L\u2019histoire recoupe celle d\u2019un personnage r\u00e9el, Mohamed Boudifa, un jeune marathonien n\u00e9 et ayant grandi \u00e0 Tahagart, le ghetto populo de Tamanrasset.<br \/>Meziane Ourad, qui a fourni l\u2019id\u00e9e originale du film, rappelle la gen\u00e8se de cette \u0153uvre. Il devait couvrir le premier super marathon du Hoggar en 1987, organis\u00e9 par le Suisse Gilbert Hirschy, patron alors de la Coupe du monde de super marathons. Les stars mondiales de la discipline \u00e9taient sur la ligne de d\u00e9part. Mohamed Boudifa, le jeune athl\u00e8te du cru, 22 ans, talentueux mais compl\u00e8tement d\u00e9nu\u00e9 d\u2019exp\u00e9rience, entre en\u00a0 deuxi\u00e8me position. Hallucinant ! Dire qu\u2019il n\u2019avait m\u00eame pas d\u2019entra\u00eeneur.<br \/>Meziane Ourad, journaliste \u00e0 Alg\u00e9rie Actualit\u00e9, fait du forcing pour que les autorit\u00e9s de l\u2019athl\u00e9tisme alg\u00e9rien promeuvent ce jeune prodige qui avait tout pour devenir un grand champion. Il lui suffisait juste d\u2019acqu\u00e9rir l\u2019endurance et le sens de la strat\u00e9gie dans la gestion de sa course.<br \/>Lorsqu\u2019au deuxi\u00e8me super marathon, en 1988,\u00a0 Rabie Benmokhtar plante sa cam\u00e9ra \u00e0 l\u2019arriv\u00e9e pour graver sur la pellicule la joie du vainqueur qui devait \u00eatre immanquablement Boudifa, la d\u00e9ception est grande. Celui-ci n\u2019arrive que 5e. Mais le jeune diamant brut avait d\u00e9j\u00e0 tap\u00e9 dans l\u2019\u0153il du patron de la Coupe du monde des super marathons. On lui offre un billet d\u2019avion pour aller courir en Suisse. La m\u00eame ann\u00e9e, il participe au classique Sierre-Zinal, au c\u0153ur des Alpes valaisiennes. Cette course est l\u2019une des plus belles courses de montagne du monde et la doyenne du genre en Europe.\u00a0<br \/>Le jeune Boudifa noue des contacts et revient disputer plusieurs comp\u00e9titions en Suisse et parfois dans d\u2019autres pays en Europe. Ses succ\u00e8s helv\u00e9tiques lui font entrevoir la lumi\u00e8re. Mais, en attendant, \u00e0 Tam, il se sent abandonn\u00e9. Un type de la graine des champions olympiques est laiss\u00e9 en friche.\u00a0 Les conditions de vie et d\u2019entra\u00eenement ne sont pas \u00e0 la hauteur de ses ambitions.<br \/>Boudifa veut percer au plan international et il retourne souvent en Suisse o\u00f9 il obtient avec une certaine facilit\u00e9 un visa de trois mois. Vivant encore \u00e0 Tamanrasset en d\u00e9pit de ses escapades, il finit par d\u00e9crocher un dipl\u00f4me sportif. Malgr\u00e9 tout, il est chez lui et la vie familiale le r\u00e9conforte. Mais, pendant les ann\u00e9es de grande violence politique, m\u00eame Tamanrasset est touch\u00e9e. Plus de comp\u00e9tition sportive pour notre jeune athl\u00e8te ! L\u2019horizon imm\u00e9diat se bouche. Il d\u00e9cide de s\u2019installer en Suisse au milieu des ann\u00e9es 1990.<br \/>Au d\u00e9but, \u00e7a marche plut\u00f4t bien. Il n\u2019appartient pas \u2014 pas encore ? \u2014 au gotha de l\u2019athl\u00e9tisme suisse, mais il est remarqu\u00e9. Il gagne plusieurs courses r\u00e9gionales et d\u00e9croche m\u00eame la deuxi\u00e8me place au Marathon de Lausanne en 1998.<br \/>M\u00eame s\u2019il n\u2019est pas une b\u00eate \u00e0 m\u00e9dailles, il est per\u00e7u comme un athl\u00e8te mythique, sans doute \u00e0 cause de ses capacit\u00e9s naturelles et de sa provenance exotique. M\u00eame en Suisse, il a continu\u00e9 \u00e0 s\u2019entra\u00eener seul.\u00a0\u00a0<br \/>Lorsque Cloros, un artiste-peintre-sculpteur suisse, dut \u00e9riger sur un rond-point, \u00e0 l\u2019entr\u00e9e de la ville de Fribourg, une sculpture en fer forg\u00e9e haute de 3 m\u00e8tres en hommage aux coureurs de la course Morat-Fribourg, c\u2019est le portrait de Boudifa qu\u2019il choisit.<br \/>Au milieu des ann\u00e9es 1990, il est consid\u00e9r\u00e9 comme une figure de l\u2019athl\u00e9tisme suisse sans pour autant \u00eatre le grand champion qu\u2019il esp\u00e9rait devenir. Il se marie \u00e0 une Suissesse, ce qui permet de franchir l\u2019obstacle des papiers de s\u00e9jour, et ambitionne de vivre de son talent sportif. Les nouvelles du pays lui parviennent, tragiques.<br \/>\u00c0 son malaise existentiel s\u2019ajoute son espoir d\u00e9\u00e7u. Le marathon ne nourrit pas son homme. Boudifa entame une formation \u00e0 Gen\u00e8ve pour devenir aide-soignant. Il peine\u00a0 \u00e0 suivre, et doit interrompre son apprentissage sans obtenir de dipl\u00f4me. La saison en enfer commence pour lui. En proie \u00e0 des difficult\u00e9s tant sur le plan personnel que professionnel, \u00e9chouant \u00e0 acqu\u00e9rir une reconnaissance sociale tant convoit\u00e9e, coup\u00e9 du pays, il fait une tentative de suicide en sautant du quatri\u00e8me \u00e9tage d\u2019un immeuble, le 3 octobre 2001. Bless\u00e9, il n\u2019en reprend pas moins par la suite ses entra\u00eenements et comp\u00e9titions. Comme si de rien n&rsquo;\u00e9tait ?\u00a0<br \/>Faut dire qu&rsquo;il s\u2019en tire plut\u00f4t bien. Mais on ignore tout de son mental. Il s\u2019av\u00e8re que son acte de d\u00e9sespoir constitue les pr\u00e9mices de la trag\u00e9die qui devait se d\u00e9rouler deux ans plus tard \u00e0 Lausanne.<br \/>Ce mardi 8 juillet 2003, \u00e0 12h30, Mohamed Boudifa fonce en voiture sur des pi\u00e9tons, provoquant la mort de 3 personnes et 8 bless\u00e9s graves. Choc incommensurable dans l\u2019opinion. Douleur. Incompr\u00e9hension. Comment le petit jeune de Tahaggart qui voulait figurer parmi l\u2019\u00e9lite mondiale du marathon en arrive \u00e0 commettre un tel massacre ?\u00a0\u00a0<br \/>Il est inculp\u00e9 d\u2019homicide intentionnel. Il plaide l\u2019accident. Il soutiendra avoir \u00ab d\u00e9vi\u00e9 de trajectoire \u00bb en manipulant son autoradio. En 2001, il avait d\u00e9j\u00e0 perdu la ma\u00eetrise d\u2019un v\u00e9hicule.<br \/>Les t\u00e9moignages vinrent mettre \u00e0 mal la th\u00e8se de l\u2019accident faisant \u00e9tat d\u2019une personnalit\u00e9 introvertie : \u00ab Une personne un peu myst\u00e9rieuse qui avait l\u2019impression que tout le monde lui en voulait \u00bb (Raymond Corbaz, pr\u00e9sident du Footing Club de Lausanne). On fit aussi \u00e9tat de sa religiosit\u00e9 : \u00ab Il ne loupait aucune pri\u00e8re \u00bb, \u00ab Il n\u2019aimait pas aborder les questions de religion et vivait mal ce qui se passait en Alg\u00e9rie .\u00bb<br \/>Les milieux d\u2019extr\u00eame droite suisse et fran\u00e7ais iront jusqu\u2019\u00e0 consid\u00e9rer cette tentative de suicide qui finit en homicide comme un attentat islamiste.<br \/>On ne sait rien des conclusions de l\u2019enqu\u00eate. Ce que l\u2019on sait, en revanche, c\u2019est que le jeune marathonien de Tam qui voyait le monde au bout de ses foul\u00e9es abandonna peu \u00e0 peu tous ses espoirs de Mas de Cocagne et s\u2019ab\u00eema dans la trag\u00e9die en donnant la mort.<br \/><em><strong>A. M.<\/strong><\/em><\/p>\n<p>Auteur:<br \/>\n<a href=\"https:\/\/www.lesoirdalgerie.com\/ici-mieux-que-la-bas\/de-tamanrasset-a-lausanne-la-tragedie-dun-marathonien-algerien-59773\">Cliquez ici pour lire l&rsquo;article depuis sa source.<\/a><\/p>\n","protected":false},"excerpt":{"rendered":"<p>Tout commence par l\u2019\u00e9vocation d\u2019un souvenir anodin racont\u00e9 \u00e0 des amis, Meziane Ourad et l\u2019acteur Ahmed Bena\u00efssa. Ce dernier \u00e9tait du voyage lorsqu\u2019en 1988, nous avons fait le d\u00e9placement \u00e0 Tamanrasset pour un compl\u00e9ment de tournage d\u2019un film de Rabie Benmokhtar, Marathon Tam.L\u2019\u0153uvre ne sera achev\u00e9e qu\u2019en 1992.\u00a0 Presque personne n\u2019a pu voir le film, [&hellip;]<\/p>\n","protected":false},"author":1741,"featured_media":0,"comment_status":"closed","ping_status":"closed","sticky":false,"template":"","format":"standard","meta":{"fifu_image_url":"","fifu_image_alt":"","footnotes":""},"categories":[73,53],"tags":[],"class_list":["post-115146","post","type-post","status-publish","format-standard","hentry","category-actualite","category-algerie"],"_links":{"self":[{"href":"https:\/\/linitiative.ca\/International\/wp-json\/wp\/v2\/posts\/115146","targetHints":{"allow":["GET"]}}],"collection":[{"href":"https:\/\/linitiative.ca\/International\/wp-json\/wp\/v2\/posts"}],"about":[{"href":"https:\/\/linitiative.ca\/International\/wp-json\/wp\/v2\/types\/post"}],"author":[{"embeddable":true,"href":"https:\/\/linitiative.ca\/International\/wp-json\/wp\/v2\/users\/1741"}],"replies":[{"embeddable":true,"href":"https:\/\/linitiative.ca\/International\/wp-json\/wp\/v2\/comments?post=115146"}],"version-history":[{"count":0,"href":"https:\/\/linitiative.ca\/International\/wp-json\/wp\/v2\/posts\/115146\/revisions"}],"wp:attachment":[{"href":"https:\/\/linitiative.ca\/International\/wp-json\/wp\/v2\/media?parent=115146"}],"wp:term":[{"taxonomy":"category","embeddable":true,"href":"https:\/\/linitiative.ca\/International\/wp-json\/wp\/v2\/categories?post=115146"},{"taxonomy":"post_tag","embeddable":true,"href":"https:\/\/linitiative.ca\/International\/wp-json\/wp\/v2\/tags?post=115146"}],"curies":[{"name":"wp","href":"https:\/\/api.w.org\/{rel}","templated":true}]}}