{"id":115147,"date":"2021-04-18T08:29:29","date_gmt":"2021-04-18T12:29:29","guid":{"rendered":"https:\/\/linitiative.ca\/International\/covid-19-personnes-porteuses-de-maladies-chroniques-comment-se-faire-vacciner\/"},"modified":"2021-04-18T08:29:29","modified_gmt":"2021-04-18T12:29:29","slug":"covid-19-personnes-porteuses-de-maladies-chroniques-comment-se-faire-vacciner","status":"publish","type":"post","link":"https:\/\/linitiative.ca\/International\/covid-19-personnes-porteuses-de-maladies-chroniques-comment-se-faire-vacciner\/","title":{"rendered":"Covid-19 : personnes porteuses de maladies chroniques, comment se faire vacciner"},"content":{"rendered":"<p><strong>Accident vasculaire c\u00e9r\u00e9bral, diab\u00e8te, cancers, asthme s\u00e9v\u00e8re, hypertension art\u00e9rielle s\u00e9v\u00e8re\u2026, les personnes atteintes de maladies chroniques peuvent se faire vacciner. Comment la vaccination de ces personnes les plus vuln\u00e9rables se d\u00e9roule-t-elle\u00a0? Le parcours.<\/strong><\/p>\n<div class=\"c10\">\n<\/div>\n<p>Les personnes porteuses de maladies chroniques (y compris des maladies malignes) peuvent se faire vacciner contre la covid-19. S\u2019il est assez facile d\u2019identifier les personnes \u00e2g\u00e9es de 60 ans et plus (actuellement \u00e9ligibles \u00e0 la vaccination), il est moins \u00e9vident de savoir qui est consid\u00e9r\u00e9 \u00ab porteuses de maladies chroniques \u00bb.<\/p>\n<p class=\"has-text-align-center\"><strong>Qui est concern\u00e9 ?<\/strong><\/p>\n<p>Les personnes atteintes des maladies chroniques doivent b\u00e9n\u00e9ficiaire de r\u00e9gimes de couverture m\u00e9dicale obligatoire (CNOPS, CNSS) et du RAMED, pour se faire vacciner. Dans le d\u00e9tail, il s\u2019agit des personnes atteintes de cancers et de maladies h\u00e9matologiques malignes en cours de traitement par chimioth\u00e9rapie, des personnes atteintes de maladies r\u00e9nales chroniques s\u00e9v\u00e8res (dont les patients dialys\u00e9s) \u2026<\/p>\n<p><strong>Lire aussi| <a href=\"https:\/\/www.challenge.ma\/the-legal-500-consacre-plusieurs-bureaux-davocats-marocains-181984\/\">The Legal 500 consacre plusieurs bureaux d\u2019avocats marocains<\/a><\/strong><\/p>\n<p>Selon l\u2019Enqu\u00eate Nationale sur la Population et la Sant\u00e9 Familiale (ENPSF-2018) r\u00e9alis\u00e9e par la Direction de la Planification et des Ressources Financi\u00e8res du Minist\u00e8re de la Sant\u00e9, 21 % de la population marocaine est atteinte au moins d\u2019une maladie chronique, et que les femmes sont les plus touch\u00e9es avec 24,9% contre 17,1% pour les hommes. \u00ab\u00a0Les maladies chroniques dont les plus fr\u00e9quentes sont les maladies cardio-vasculaires, le diab\u00e8te, les cancers et les affections respiratoires chroniques, des troubles psychologiques et psychiatriques et des maladies \u00e9mergentes et r\u00e9-\u00e9mergentes, notamment les urgences de sant\u00e9 publique de port\u00e9e internationale\u00a0\u00bb, indique l\u2019\u00e9tude.<\/p>\n<p class=\"has-text-align-center\"><strong>Comment prendre rendez-vous ?<\/strong><\/p>\n<p>Il faut au pr\u00e9alable \u00eatre reconnu comme porteur de maladie chronique. Leb\u00e9n\u00e9ficiaire de r\u00e9gimes de couverture m\u00e9dicale obligatoire (CNOPS, CNSS) doit d\u00e9poser, \u00e0 sa Caisse, une demande d\u2019ouverture de droits \u00ab\u00a0affection de longue dur\u00e9e (ALD)\u00a0\u00bb ou \u00ab\u00a0affection lourde et couteuse (ALC)\u00a0\u00bb disponible aupr\u00e8s de la CNSS\u00a0\/CNOPS ou des professionnels de sant\u00e9 dument rempli, cachet\u00e9 et sign\u00e9 par le m\u00e9decin traitant avec un pli confidentiel \u00e9tabli par le m\u00e9decin traitant contenant les \u00e9l\u00e9ments les pi\u00e8ces justificatives (examens n\u00e9cessaires-radiologies, biologies-, une photocopie de la carte d\u2019immatriculation de l\u2019assur\u00e9 auquel est rattach\u00e9 le b\u00e9n\u00e9ficiaire, une photocopie de la carte d\u2019identit\u00e9 nationale du b\u00e9n\u00e9ficiaire s\u2019il est \u00e2g\u00e9 de plus de 18 ans).<\/p>\n<p>Une fois la demande accept\u00e9e, la personne atteinte de maladie chronique pourra envoyer un SMS au num\u00e9ro gratuit 1717 ou en consultant le site liqahcorona.ma pour conna\u00eetre la date de son rendez-vous et son lieu de vaccination.<\/p>\n<p><strong>Lire aussi| <a href=\"https:\/\/www.challenge.ma\/industrie-pharmaceutique-bientot-un-institut-dedie-a-la-formation-professionnelle-181975\/\">Industrie pharmaceutique : bient\u00f4t un institut d\u00e9di\u00e9 \u00e0 la formation professionnelle<\/a><\/strong><\/p>\n<p>Auteur: Adama Sylla<br \/>\n<a href=\"https:\/\/www.challenge.ma\/covid-19-personnes-porteuses-de-maladies-chroniques-comment-se-faire-vacciner-181992\/\">Cliquez ici pour lire l&rsquo;article depuis sa source.<\/a><\/p>\n","protected":false},"excerpt":{"rendered":"<p>Accident vasculaire c\u00e9r\u00e9bral, diab\u00e8te, cancers, asthme s\u00e9v\u00e8re, hypertension art\u00e9rielle s\u00e9v\u00e8re\u2026, les personnes atteintes de maladies chroniques peuvent se faire vacciner. Comment la vaccination de ces personnes les plus vuln\u00e9rables se d\u00e9roule-t-elle\u00a0? Le parcours. Les personnes porteuses de maladies chroniques (y compris des maladies malignes) peuvent se faire vacciner contre la covid-19. S\u2019il est assez facile [&hellip;]<\/p>\n","protected":false},"author":1787,"featured_media":0,"comment_status":"closed","ping_status":"closed","sticky":false,"template":"","format":"standard","meta":{"fifu_image_url":"","fifu_image_alt":"","footnotes":""},"categories":[78,54],"tags":[],"class_list":["post-115147","post","type-post","status-publish","format-standard","hentry","category-economie","category-maroc"],"_links":{"self":[{"href":"https:\/\/linitiative.ca\/International\/wp-json\/wp\/v2\/posts\/115147","targetHints":{"allow":["GET"]}}],"collection":[{"href":"https:\/\/linitiative.ca\/International\/wp-json\/wp\/v2\/posts"}],"about":[{"href":"https:\/\/linitiative.ca\/International\/wp-json\/wp\/v2\/types\/post"}],"author":[{"embeddable":true,"href":"https:\/\/linitiative.ca\/International\/wp-json\/wp\/v2\/users\/1787"}],"replies":[{"embeddable":true,"href":"https:\/\/linitiative.ca\/International\/wp-json\/wp\/v2\/comments?post=115147"}],"version-history":[{"count":0,"href":"https:\/\/linitiative.ca\/International\/wp-json\/wp\/v2\/posts\/115147\/revisions"}],"wp:attachment":[{"href":"https:\/\/linitiative.ca\/International\/wp-json\/wp\/v2\/media?parent=115147"}],"wp:term":[{"taxonomy":"category","embeddable":true,"href":"https:\/\/linitiative.ca\/International\/wp-json\/wp\/v2\/categories?post=115147"},{"taxonomy":"post_tag","embeddable":true,"href":"https:\/\/linitiative.ca\/International\/wp-json\/wp\/v2\/tags?post=115147"}],"curies":[{"name":"wp","href":"https:\/\/api.w.org\/{rel}","templated":true}]}}