{"id":115148,"date":"2021-04-18T10:05:50","date_gmt":"2021-04-18T14:05:50","guid":{"rendered":"https:\/\/linitiative.ca\/International\/sante-le-maroc-va-ouvrir-ses-portes-aux-medecins-etrangers\/"},"modified":"2021-04-18T10:05:50","modified_gmt":"2021-04-18T14:05:50","slug":"sante-le-maroc-va-ouvrir-ses-portes-aux-medecins-etrangers","status":"publish","type":"post","link":"https:\/\/linitiative.ca\/International\/sante-le-maroc-va-ouvrir-ses-portes-aux-medecins-etrangers\/","title":{"rendered":"Sant\u00e9 : le Maroc va ouvrir ses portes aux m\u00e9decins \u00e9trangers"},"content":{"rendered":"<p><strong>La future g\u00e9n\u00e9ralisation de la protection sociale<\/strong> <strong>destin\u00e9e \u00e0 terme \u00e0 couvrir 22 millions de personnes actuellement d\u00e9pourvues d\u2019assurance maladie, n\u00e9cessitera des ressources humaines m\u00e9dicales pour sa r\u00e9alisation. Le Maroc qui fait face \u00e0 un d\u00e9ficit de praticiens a d\u00e9cid\u00e9 d\u2019ouvrir son secteur de la sant\u00e9 aux comp\u00e9tences \u00e9trang\u00e8res et \u00e0 l\u2019investissement \u00e9tranger.<\/strong><\/p>\n<div class=\"c10\">\n<\/div>\n<p>Les m\u00e9decins \u00e9trangers vont bient\u00f4t pouvoir exercer au Maroc. C\u2019est une premi\u00e8re. L\u2019information est de taille mais est presque pass\u00e9e inaper\u00e7ue.\u00a0Pourtant, l\u2019annonce a \u00e9t\u00e9 faite par Mohamed Benchaaboun, lors de son allocution devant le Souverain dans le cadre du lancement de la g\u00e9n\u00e9ralisation du syst\u00e8me de la couverture sociale, le 14 avril 2021, au Palais royal de F\u00e8s. Le ministre de l\u2019Economie, des Finances et de la R\u00e9forme de l\u2019Administration, a indiqu\u00e9 que la g\u00e9n\u00e9ralisation de la couverture m\u00e9dicale n\u00e9cessite de relever un ensemble de d\u00e9fis qui concernent en particulier le faible taux d\u2019encadrement m\u00e9dical, l\u2019important d\u00e9ficit en ressources humaines et leur r\u00e9partition g\u00e9ographique in\u00e9gale. Ainsi, pour lutter contre le d\u00e9ficit en mati\u00e8re de cadres sanitaires, il sera proc\u00e9d\u00e9 \u00e0 l\u2019ouverture de la pratique de la m\u00e9decine aux comp\u00e9tences \u00e9trang\u00e8res, l\u2019encouragement des \u00e9tablissements internationaux de sant\u00e9 \u00e0 travailler et \u00e0 investir au Maroc.<\/p>\n<p><strong>Lire aussi| <a href=\"https:\/\/www.challenge.ma\/the-legal-500-consacre-plusieurs-bureaux-davocats-marocains-181984\/\">The Legal 500 consacre plusieurs bureaux d\u2019avocats marocains<\/a><\/strong><\/p>\n<p>Il faut dire que le Royaume est encore loin de son objectif de mettre chaque ann\u00e9e sur le march\u00e9 de la sant\u00e9 3300 nouveaux m\u00e9decins. En 2018, les facult\u00e9s de m\u00e9decine et de pharmacie du pays ont form\u00e9 2 282 m\u00e9decins seulement, contre 1715 en 2007, soit une progression de 25%. En d\u00e9pit de cette hausse significative, le retard \u00e0 rattraper est de l\u2019ordre de 1018 m\u00e9decins. Ce d\u00e9ficit se creuse \u00e0 cause de l\u2019\u00e9migration, principalement en France, du d\u00e9part \u00e0 la retraite et de la retraite anticip\u00e9e. Plus de 8\u00a0000 m\u00e9decins marocains n\u00e9s dans le Royaume exercent actuellement dans l\u2019Hexagone. Selon une \u00e9tude du Conseil national de l\u2019Ordre des m\u00e9decins en France, les praticiens n\u00e9s au Maroc repr\u00e9sentent la deuxi\u00e8me communaut\u00e9 de m\u00e9decins n\u00e9s \u00e0 l\u2019\u00e9tranger.<\/p>\n<p>Si ce manque de m\u00e9decins au Maroc se fait sentir avec la crise du nouveau coronavirus, il risque de peser lourd dans la r\u00e9ussite de la g\u00e9n\u00e9ralisation du syst\u00e8me de la couverture sociale qui vient d\u2019\u00eatre lanc\u00e9. En effet, le Maroc ne compte que 27 266 m\u00e9decins, dont 53% op\u00e8rent dans le secteur priv\u00e9, avec un ratio de 7,1 m\u00e9decins pour 10 000 habitants, loin du standard de l\u2019Organisation Mondiale de la Sant\u00e9 (OMS) fix\u00e9 \u00e0 15,3 m\u00e9decins pour 10 000 habitants. Les r\u00e9gions de Casablanca-Settat et Rabat-Sal\u00e9-K\u00e9nitra concentrent, \u00e0 elles seules, plus de 56% de l\u2019effectif des m\u00e9decins priv\u00e9s et 39% de l\u2019effectif des m\u00e9decins publics, ajout\u00e9 au d\u00e9but du vieillissement de la population m\u00e9dicale. En fait, selon le minist\u00e8re de la sant\u00e9, 36% des m\u00e9decins du public ont plus de 51 ans. A noter qu\u2019avec \u00e0 peine 1,65 personnel m\u00e9dical pour 1 000 habitants (contre un minimum requis de 4,45), le Maroc a un d\u00e9ficit de 97 161 personnes dans le secteur de la sant\u00e9, dont 32 387 m\u00e9decins et 64774 infirmiers et techniciens.<\/p>\n<p><strong>Lire aussi| <a href=\"https:\/\/www.challenge.ma\/covid-19-personnes-porteuses-de-maladies-chroniques-comment-se-faire-vacciner-181992\/\">Covid-19 : personnes porteuses de maladies chroniques, comment se faire vacciner<\/a><\/strong><\/p>\n<p>Chaque ann\u00e9e, le minist\u00e8re de la Sant\u00e9 lance un concours pour les nouveaux dipl\u00f4m\u00e9s. Mais cela ne suffit pas pour motiver les futurs praticiens \u00e0 exercer dans certaines r\u00e9gions du royaume. Pour s\u2019installer dans ces \u00ab\u00a0d\u00e9serts m\u00e9dicaux\u00a0\u00bb, les jeunes dipl\u00f4m\u00e9s en m\u00e9decine r\u00e9clament une augmentation de salaire et une am\u00e9lioration des conditions de travail. En plus, depuis quelques ann\u00e9es, plus de 80% des dipl\u00f4m\u00e9s en m\u00e9decine sont des femmes. Ce qui complique leurs affectations dans ces r\u00e9gions. Certaines r\u00e9gions comme celles de La\u00e2youne Sakia El Hamra et Guelmim-Oued Noun, ne re\u00e7oivent presque aucune candidature.<\/p>\n<p>Face \u00e0 cette situation, quelques-unes ne sont pas rest\u00e9es les bras crois\u00e9s. En fin 2017, le Conseil provincial de Tata, profitant de la convention d\u2019\u00e9tablissement sign\u00e9 entre le Royaume et le S\u00e9n\u00e9gal en 1964, a nou\u00e9 un partenariat avec l\u2019Ordre national des m\u00e9decins du S\u00e9n\u00e9gal (ONMS) pour le recrutement de sp\u00e9cialistes s\u00e9n\u00e9galais, afin de faire face \u00e0 ses besoins en effectif m\u00e9dical, la r\u00e9gion ne disposant \u00e0 l\u2019\u00e9poque que de 8 m\u00e9decins marocains pour 120.000 habitants. Ainsi, le 23 novembre 2017, l\u2019ONMS publie un appel \u00e0 candidature, invitant les sp\u00e9cialistes en gyn\u00e9cologie et en chirurgie int\u00e9ress\u00e9s par l\u2019exercice dans des centres ruraux au Maroc, \u00e0 d\u00e9poser leurs dossiers. Dans ce cadre, la province de Tata a pu alors embaucher en 2018 par contrat 20 m\u00e9decins s\u00e9n\u00e9galais.\u00a0 Des postes que les m\u00e9decins marocains bouderaient depuis des ann\u00e9es malgr\u00e9 les appels du pied r\u00e9currents du minist\u00e8re de la Sant\u00e9.<\/p>\n<p>Aujourd\u2019hui, si l\u2019Organisation mondiale de la sant\u00e9 recommande un minimum de 23 m\u00e9decins pour 100.000 habitants, le royaume n\u2019en comptabilise que 7,3.<\/p>\n<p><strong>Lire aussi| <a href=\"https:\/\/www.challenge.ma\/industrie-pharmaceutique-bientot-un-institut-dedie-a-la-formation-professionnelle-181975\/\">Industrie pharmaceutique : bient\u00f4t un institut d\u00e9di\u00e9 \u00e0 la formation professionnelle<\/a><\/strong><\/p>\n<p>Auteur: Adama Sylla<br \/>\n<a href=\"https:\/\/www.challenge.ma\/sante-le-maroc-va-ouvrir-ses-portes-aux-medecins-etrangers-181997\/\">Cliquez ici pour lire l&rsquo;article depuis sa source.<\/a><\/p>\n","protected":false},"excerpt":{"rendered":"<p>La future g\u00e9n\u00e9ralisation de la protection sociale destin\u00e9e \u00e0 terme \u00e0 couvrir 22 millions de personnes actuellement d\u00e9pourvues d\u2019assurance maladie, n\u00e9cessitera des ressources humaines m\u00e9dicales pour sa r\u00e9alisation. Le Maroc qui fait face \u00e0 un d\u00e9ficit de praticiens a d\u00e9cid\u00e9 d\u2019ouvrir son secteur de la sant\u00e9 aux comp\u00e9tences \u00e9trang\u00e8res et \u00e0 l\u2019investissement \u00e9tranger. Les m\u00e9decins [&hellip;]<\/p>\n","protected":false},"author":1787,"featured_media":0,"comment_status":"closed","ping_status":"closed","sticky":false,"template":"","format":"standard","meta":{"fifu_image_url":"","fifu_image_alt":"","footnotes":""},"categories":[78,54],"tags":[],"class_list":["post-115148","post","type-post","status-publish","format-standard","hentry","category-economie","category-maroc"],"_links":{"self":[{"href":"https:\/\/linitiative.ca\/International\/wp-json\/wp\/v2\/posts\/115148","targetHints":{"allow":["GET"]}}],"collection":[{"href":"https:\/\/linitiative.ca\/International\/wp-json\/wp\/v2\/posts"}],"about":[{"href":"https:\/\/linitiative.ca\/International\/wp-json\/wp\/v2\/types\/post"}],"author":[{"embeddable":true,"href":"https:\/\/linitiative.ca\/International\/wp-json\/wp\/v2\/users\/1787"}],"replies":[{"embeddable":true,"href":"https:\/\/linitiative.ca\/International\/wp-json\/wp\/v2\/comments?post=115148"}],"version-history":[{"count":0,"href":"https:\/\/linitiative.ca\/International\/wp-json\/wp\/v2\/posts\/115148\/revisions"}],"wp:attachment":[{"href":"https:\/\/linitiative.ca\/International\/wp-json\/wp\/v2\/media?parent=115148"}],"wp:term":[{"taxonomy":"category","embeddable":true,"href":"https:\/\/linitiative.ca\/International\/wp-json\/wp\/v2\/categories?post=115148"},{"taxonomy":"post_tag","embeddable":true,"href":"https:\/\/linitiative.ca\/International\/wp-json\/wp\/v2\/tags?post=115148"}],"curies":[{"name":"wp","href":"https:\/\/api.w.org\/{rel}","templated":true}]}}