{"id":115150,"date":"2021-04-18T16:21:44","date_gmt":"2021-04-18T20:21:44","guid":{"rendered":"https:\/\/linitiative.ca\/International\/tunisie-ministere-de-linterieur-quelles-sont-les-sanctions-encourues-cas-de-contravention-de-linterdiction-de-circulation-des-vehicules-pendant-le-couvre-feu\/"},"modified":"2021-04-18T16:21:44","modified_gmt":"2021-04-18T20:21:44","slug":"tunisie-ministere-de-linterieur-quelles-sont-les-sanctions-encourues-cas-de-contravention-de-linterdiction-de-circulation-des-vehicules-pendant-le-couvre-feu","status":"publish","type":"post","link":"https:\/\/linitiative.ca\/International\/tunisie-ministere-de-linterieur-quelles-sont-les-sanctions-encourues-cas-de-contravention-de-linterdiction-de-circulation-des-vehicules-pendant-le-couvre-feu\/","title":{"rendered":"Tunisie-Minist\u00e8re de l\u2019Int\u00e9rieur : Quelles sont les sanctions encourues cas de contravention de l\u2019interdiction de circulation des v\u00e9hicules pendant le couvre-feu ?"},"content":{"rendered":"<div class=\"post-cont-in left relative\">\n<div id=\"post-info-wrap\" class=\"left relative post-info-out\">\n<div class=\"post-info-img left relative\"><img decoding=\"async\" alt=\"\" src=\"https:\/\/secure.gravatar.com\/avatar\/ea481d7287ad38ca1787f44b5bb1b70e?s=50&amp;d=mm&amp;r=g\" srcset=\"https:\/\/secure.gravatar.com\/avatar\/ea481d7287ad38ca1787f44b5bb1b70e?s=100&amp;d=mm&amp;r=g 2x\" class=\"avatar avatar-50 photo\" height=\"50\" width=\"50\" loading=\"lazy\"\/><\/div>\n<div class=\"post-info-in\">\n<div class=\"post-info-right left relative post-info-name left relative\"><span><span class=\"post-info-text\">Par<\/span> <span class=\"author-name vcard fn author\"><a href=\"https:\/\/www.tunisienumerique.com\/author\/rania-ben-slimane\/\" title=\"Articles par rania ben slimane\" rel=\"author\">rania ben slimane<\/a><\/span><\/span> <span class=\"post-date updated\"><time class=\"post-date updated\" datetime=\"2021-04-18\">\u00a0| Il y a 1 heure<\/time><\/span><br \/>\n<meta itemprop=\"dateModified\" content=\"2021-04-18\"\/><\/div>\n<div class=\"left relative\"><button id=\"listenButton1\" class=\"responsivevoice-button\" type=\"button\" value=\"Play\" title=\"\u00c9coutez l'article\"><span>\ud83d\udd0a \u00c9coutez l&rsquo;article<\/span><\/button>\n<\/div>\n<\/div>\n<\/div>\n<p>Le minist\u00e8re de l\u2019Int\u00e9rieur a annonc\u00e9 dans un communiqu\u00e9 rendu public le 18 avril 2021, l\u2019application de l\u2019interdiction de circulation de tous les v\u00e9hicules et les moyens de transports urbains pendant le couvre-feu du 19H00 jusqu\u2019\u00e0 05H00 annonc\u00e9 le 17 avril 2021, dans le cadre de freinage de propagation de la Covid-19.<\/p>\n<div class=\"code-block code-block-1 c4\">\n <ins class=\"adsbygoogle c3\" data-ad-layout=\"in-article\" data-ad-format=\"fluid\" data-ad-client=\"ca-pub-2102118777505746\" data-ad-slot=\"7301775417\"\/>\n<\/div>\n<p>Ajoutant qu\u2019il tient \u00e0 informer tous les citoyens que l\u2019infraction de ladite d\u00e9cision aboutit \u00e0 la saisie du permis de conduire et de la carte d\u2019immatriculation de chaque contrevenant pour une p\u00e9riode de 7 jours.<\/p>\n<p>En outre, un proc\u00e8s-verbal judiciaire sera r\u00e9dig\u00e9 \u00e0 cet effet avec attribution d\u2019un permis de conduire temporaire au conducteur, valable pour 24 heures \u00e0 compter de la date de la contravention.<\/p>\n<p>Indiquant la saisie du v\u00e9hicule pendant une p\u00e9riode de 07 jours en cas d\u2019une r\u00e9cidive de ladite infraction. .<\/p>\n<p>Le minist\u00e8re de l\u2019Int\u00e9rieur a \u00e9galement appel\u00e9 tous les tunisiens \u00e0 respecter ces mesures en soutien aux efforts d\u00e9ploy\u00e9s pour limiter la propagation du Coronavirus et pr\u00e9server la suret\u00e9 des citoyens.<\/p>\n<div class=\"swp_social_panel swp_horizontal_panel swp_flat_fresh swp_default_full_color swp_individual_full_color swp_other_full_color scale-100 scale-\" data-min-width=\"1100\" data-float-color=\"#ffffff\" data-float=\"bottom\" data-float-mobile=\"bottom\" data-transition=\"slide\">\n<div class=\"nc_tweetContainer swp_share_button total_shares total_sharesalt\"><span class=\"swp_count\">9 <span class=\"swp_label\">Partages<\/span><\/span><\/div>\n<\/div>\n<p><strong>Que se passe-t-il en Tunisie?<\/strong><br \/>Nous expliquons sur notre <a href=\"https:\/\/www.youtube.com\/channel\/UCRzypVq0B_yBad5eGrwBx0Q?sub_confirmation=1\" target=\"_blank\" rel=\"noopener\">cha\u00eene YouTube<\/a> . <a href=\"https:\/\/www.youtube.com\/channel\/UCRzypVq0B_yBad5eGrwBx0Q?sub_confirmation=1\" target=\"_blank\" rel=\"noopener\">Abonnez-vous!<\/a><\/p>\n<div class=\"mvp-org-wrap\" itemprop=\"publisher\">\n<div class=\"mvp-org-logo\" itemprop=\"logo\"><img decoding=\"async\" src=\"https:\/\/www.tunisienumerique.com\/wp-content\/uploads\/2017\/02\/logo_tunisie_numerique.png\"\/><br \/>\n<meta itemprop=\"url\" content=\"https:\/\/www.tunisienumerique.com\/wp-content\/uploads\/2017\/02\/logo_tunisie_numerique.png\"\/><\/div>\n<p><meta content=\"Tunisie\"\/><\/div>\n<div class=\"mvp-related-posts left relative\">\n<h4 class=\"post-header\"><span class=\"post-header\">Lire aussi<\/span><\/h4>\n<\/div>\n<div id=\"article-ad\">\n <ins class=\"adsbygoogle c5\" data-ad-client=\"ca-pub-2102118777505746\" data-ad-slot=\"6513972734\" data-ad-format=\"auto\" data-full-width-responsive=\"true\"\/>\n<\/div>\n<\/div>\n<div id=\"post-sidebar-wrap\">\n <ins class=\"adsbygoogle c5\" data-ad-client=\"ca-pub-2102118777505746\" data-ad-slot=\"6168283410\" data-ad-format=\"auto\" data-full-width-responsive=\"true\"\/>\n<\/div>\n<p>Auteur: rania ben slimane<br \/>\n<a href=\"https:\/\/www.tunisienumerique.com\/tunisie-ministere-de-linterieur-quelles-sont-les-sanctions-encourues-cas-de-contravention-de-linterdiction-de-circulation-des-vehicules-pendant-le-couvre-feu\/\">Cliquez ici pour lire l&rsquo;article depuis sa source.<\/a><\/p>\n","protected":false},"excerpt":{"rendered":"<p>Par rania ben slimane \u00a0| Il y a 1 heure \ud83d\udd0a \u00c9coutez l&rsquo;article Le minist\u00e8re de l\u2019Int\u00e9rieur a annonc\u00e9 dans un communiqu\u00e9 rendu public le 18 avril 2021, l\u2019application de l\u2019interdiction de circulation de tous les v\u00e9hicules et les moyens de transports urbains pendant le couvre-feu du 19H00 jusqu\u2019\u00e0 05H00 annonc\u00e9 le 17 avril 2021, [&hellip;]<\/p>\n","protected":false},"author":1789,"featured_media":0,"comment_status":"closed","ping_status":"closed","sticky":false,"template":"","format":"standard","meta":{"fifu_image_url":"https:\/\/secure.gravatar.com\/avatar\/ea481d7287ad38ca1787f44b5bb1b70e?s=50&d=mm&r=g","fifu_image_alt":"Tunisie-Minist\u00e8re de l\u2019Int\u00e9rieur : Quelles sont les sanctions encourues cas de contravention de l\u2019interdiction de circulation des v\u00e9hicules pendant le couvre-feu ?","footnotes":""},"categories":[73,55],"tags":[],"class_list":["post-115150","post","type-post","status-publish","format-standard","hentry","category-actualite","category-tunisie"],"_links":{"self":[{"href":"https:\/\/linitiative.ca\/International\/wp-json\/wp\/v2\/posts\/115150","targetHints":{"allow":["GET"]}}],"collection":[{"href":"https:\/\/linitiative.ca\/International\/wp-json\/wp\/v2\/posts"}],"about":[{"href":"https:\/\/linitiative.ca\/International\/wp-json\/wp\/v2\/types\/post"}],"author":[{"embeddable":true,"href":"https:\/\/linitiative.ca\/International\/wp-json\/wp\/v2\/users\/1789"}],"replies":[{"embeddable":true,"href":"https:\/\/linitiative.ca\/International\/wp-json\/wp\/v2\/comments?post=115150"}],"version-history":[{"count":0,"href":"https:\/\/linitiative.ca\/International\/wp-json\/wp\/v2\/posts\/115150\/revisions"}],"wp:attachment":[{"href":"https:\/\/linitiative.ca\/International\/wp-json\/wp\/v2\/media?parent=115150"}],"wp:term":[{"taxonomy":"category","embeddable":true,"href":"https:\/\/linitiative.ca\/International\/wp-json\/wp\/v2\/categories?post=115150"},{"taxonomy":"post_tag","embeddable":true,"href":"https:\/\/linitiative.ca\/International\/wp-json\/wp\/v2\/tags?post=115150"}],"curies":[{"name":"wp","href":"https:\/\/api.w.org\/{rel}","templated":true}]}}