{"id":115151,"date":"2021-04-18T16:24:08","date_gmt":"2021-04-18T20:24:08","guid":{"rendered":"https:\/\/linitiative.ca\/International\/tunisie-les-adversaires-de-saied-en-tremblent-la-garde-presidentielle-reconnait-en-lui-le-commandant-en-chef-des-fsi\/"},"modified":"2021-04-18T16:24:08","modified_gmt":"2021-04-18T20:24:08","slug":"tunisie-les-adversaires-de-saied-en-tremblent-la-garde-presidentielle-reconnait-en-lui-le-commandant-en-chef-des-fsi","status":"publish","type":"post","link":"https:\/\/linitiative.ca\/International\/tunisie-les-adversaires-de-saied-en-tremblent-la-garde-presidentielle-reconnait-en-lui-le-commandant-en-chef-des-fsi\/","title":{"rendered":"Tunisie \u2013 Les adversaires de Saied en tremblent\u00a0: La garde pr\u00e9sidentielle reconnait en lui le commandant en chef des FSI"},"content":{"rendered":"<div class=\"post-cont-in left relative\">\n<div id=\"post-info-wrap\" class=\"left relative post-info-out\">\n<div class=\"post-info-img left relative\"><img decoding=\"async\" alt=\"\" src=\"https:\/\/secure.gravatar.com\/avatar\/047123be9d5e8513774383916ee72db2?s=50&amp;d=mm&amp;r=g\" srcset=\"https:\/\/secure.gravatar.com\/avatar\/047123be9d5e8513774383916ee72db2?s=100&amp;d=mm&amp;r=g 2x\" class=\"avatar avatar-50 photo\" height=\"50\" width=\"50\" loading=\"lazy\"\/><\/div>\n<div class=\"post-info-in\">\n<div class=\"post-info-right left relative post-info-name left relative\"><span><span class=\"post-info-text\">Par<\/span> <span class=\"author-name vcard fn author\"><a href=\"https:\/\/www.tunisienumerique.com\/author\/lm\/\" title=\"Articles par LM\" rel=\"author\">LM<\/a><\/span><\/span> <span class=\"post-date updated\"><time class=\"post-date updated\" datetime=\"2021-04-18\">\u00a0| Il y a 19 secondes<\/time><\/span><br \/>\n<meta itemprop=\"dateModified\" content=\"2021-04-18\"\/><\/div>\n<div class=\"left relative\"><button id=\"listenButton1\" class=\"responsivevoice-button\" type=\"button\" value=\"Play\" title=\"\u00c9coutez l'article\"><span>\ud83d\udd0a \u00c9coutez l&rsquo;article<\/span><\/button>\n<\/div>\n<\/div>\n<\/div>\n<p>Un post publi\u00e9, ce dimanche, sur la page officielle des agents de la direction g\u00e9n\u00e9rale de la s\u00fbret\u00e9 du pr\u00e9sident de la R\u00e9publique et des personnalit\u00e9s officielles, a eu l\u2019effet d\u2019une bombe aupr\u00e8s des adversaires d\u00e9sign\u00e9s de Kais Saied.<\/p>\n<div class=\"code-block code-block-1 c4\">\n <ins class=\"adsbygoogle c3\" data-ad-layout=\"in-article\" data-ad-format=\"fluid\" data-ad-client=\"ca-pub-2102118777505746\" data-ad-slot=\"7301775417\"\/>\n<\/div>\n<p>Les pages proches des islamistes ne cessent pas, depuis la publication de ce post, de crier au scandale.<\/p>\n<p>La page annonce, en effet, qu\u2019\u00e0 l\u2019occasion de la f\u00eate des forces de s\u00e9curit\u00e9 int\u00e9rieure, elle pr\u00e9sente ses f\u00e9licitations \u00e0 tous les cadres et agents des FSI, \u00e0 leur t\u00eate leur commandant en chef, le pr\u00e9sident Kais Saied.<\/p>\n<p>Une formule qui a choqu\u00e9 les adversaires de Kais Saied qui trouvent qu\u2019une telle d\u00e9claration \u00e9manant d\u2019un corps s\u00e9curitaire officiel, ne peut qu\u2019\u00eatre assimil\u00e9e \u00e0 un appel \u00e0 la r\u00e9bellion, puisqu\u2019elle invite les agents des FSI \u00e0 ne pas reconnaitre les ordres de leur hi\u00e9rarchie r\u00e9elle, et \u00e0 ob\u00e9ir \u00e0 ceux du pr\u00e9sident de la R\u00e9publique.<\/p>\n<p><a href=\"https:\/\/www.tunisienumerique.com\/tunisie-les-adversaires-de-saied-en-tremblent-la-garde-presidentielle-reconnait-en-lui-le-commandant-en-chef-des-fsi\/khatir\/\" rel=\"attachment wp-att-653030\"><img decoding=\"async\" loading=\"lazy\" class=\"aligncenter size-full wp-image-653030\" src=\"https:\/\/www.tunisienumerique.com\/wp-content\/uploads\/2021\/04\/khatir.jpg\" alt=\"\" width=\"550\" height=\"796\"\/><\/a><\/p>\n<div class=\"swp_social_panel swp_horizontal_panel swp_flat_fresh swp_default_full_color swp_individual_full_color swp_other_full_color scale-100 scale-\" data-min-width=\"1100\" data-float-color=\"#ffffff\" data-float=\"bottom\" data-float-mobile=\"bottom\" data-transition=\"slide\">\n<div class=\"nc_tweetContainer swp_share_button total_shares total_sharesalt\"><span class=\"swp_count\">0 <span class=\"swp_label\">Partages<\/span><\/span><\/div>\n<\/div>\n<p><strong>Que se passe-t-il en Tunisie?<\/strong><br \/>Nous expliquons sur notre <a href=\"https:\/\/www.youtube.com\/channel\/UCRzypVq0B_yBad5eGrwBx0Q?sub_confirmation=1\" target=\"_blank\" rel=\"noopener\">cha\u00eene YouTube<\/a> . <a href=\"https:\/\/www.youtube.com\/channel\/UCRzypVq0B_yBad5eGrwBx0Q?sub_confirmation=1\" target=\"_blank\" rel=\"noopener\">Abonnez-vous!<\/a><\/p>\n<div class=\"mvp-org-wrap\" itemprop=\"publisher\">\n<div class=\"mvp-org-logo\" itemprop=\"logo\"><img decoding=\"async\" src=\"https:\/\/www.tunisienumerique.com\/wp-content\/uploads\/2017\/02\/logo_tunisie_numerique.png\"\/><br \/>\n<meta itemprop=\"url\" content=\"https:\/\/www.tunisienumerique.com\/wp-content\/uploads\/2017\/02\/logo_tunisie_numerique.png\"\/><\/div>\n<p><meta content=\"Tunisie\"\/><\/div>\n<div class=\"mvp-related-posts left relative\">\n<h4 class=\"post-header\"><span class=\"post-header\">Lire aussi<\/span><\/h4>\n<\/div>\n<div id=\"article-ad\">\n <ins class=\"adsbygoogle c5\" data-ad-client=\"ca-pub-2102118777505746\" data-ad-slot=\"6513972734\" data-ad-format=\"auto\" data-full-width-responsive=\"true\"\/>\n<\/div>\n<\/div>\n<div id=\"post-sidebar-wrap\">\n <ins class=\"adsbygoogle c5\" data-ad-client=\"ca-pub-2102118777505746\" data-ad-slot=\"6168283410\" data-ad-format=\"auto\" data-full-width-responsive=\"true\"\/>\n<\/div>\n<p>Auteur: LM<br \/>\n<a href=\"https:\/\/www.tunisienumerique.com\/tunisie-les-adversaires-de-saied-en-tremblent-la-garde-presidentielle-reconnait-en-lui-le-commandant-en-chef-des-fsi\/\">Cliquez ici pour lire l&rsquo;article depuis sa source.<\/a><\/p>\n","protected":false},"excerpt":{"rendered":"<p>Par LM \u00a0| Il y a 19 secondes \ud83d\udd0a \u00c9coutez l&rsquo;article Un post publi\u00e9, ce dimanche, sur la page officielle des agents de la direction g\u00e9n\u00e9rale de la s\u00fbret\u00e9 du pr\u00e9sident de la R\u00e9publique et des personnalit\u00e9s officielles, a eu l\u2019effet d\u2019une bombe aupr\u00e8s des adversaires d\u00e9sign\u00e9s de Kais Saied. Les pages proches des islamistes [&hellip;]<\/p>\n","protected":false},"author":1789,"featured_media":0,"comment_status":"closed","ping_status":"closed","sticky":false,"template":"","format":"standard","meta":{"fifu_image_url":"https:\/\/secure.gravatar.com\/avatar\/047123be9d5e8513774383916ee72db2?s=50&d=mm&r=g","fifu_image_alt":"Tunisie \u2013 Les adversaires de Saied en tremblent\u00a0: La garde pr\u00e9sidentielle reconnait en lui le commandant en chef des FSI","footnotes":""},"categories":[73,55],"tags":[],"class_list":["post-115151","post","type-post","status-publish","format-standard","hentry","category-actualite","category-tunisie"],"_links":{"self":[{"href":"https:\/\/linitiative.ca\/International\/wp-json\/wp\/v2\/posts\/115151","targetHints":{"allow":["GET"]}}],"collection":[{"href":"https:\/\/linitiative.ca\/International\/wp-json\/wp\/v2\/posts"}],"about":[{"href":"https:\/\/linitiative.ca\/International\/wp-json\/wp\/v2\/types\/post"}],"author":[{"embeddable":true,"href":"https:\/\/linitiative.ca\/International\/wp-json\/wp\/v2\/users\/1789"}],"replies":[{"embeddable":true,"href":"https:\/\/linitiative.ca\/International\/wp-json\/wp\/v2\/comments?post=115151"}],"version-history":[{"count":0,"href":"https:\/\/linitiative.ca\/International\/wp-json\/wp\/v2\/posts\/115151\/revisions"}],"wp:attachment":[{"href":"https:\/\/linitiative.ca\/International\/wp-json\/wp\/v2\/media?parent=115151"}],"wp:term":[{"taxonomy":"category","embeddable":true,"href":"https:\/\/linitiative.ca\/International\/wp-json\/wp\/v2\/categories?post=115151"},{"taxonomy":"post_tag","embeddable":true,"href":"https:\/\/linitiative.ca\/International\/wp-json\/wp\/v2\/tags?post=115151"}],"curies":[{"name":"wp","href":"https:\/\/api.w.org\/{rel}","templated":true}]}}