{"id":115152,"date":"2021-04-18T16:41:44","date_gmt":"2021-04-18T20:41:44","guid":{"rendered":"https:\/\/linitiative.ca\/International\/tunisie-lugte-refuse-la-mesure-de-lenseignement-a-distance-imposee-aux-etudiants\/"},"modified":"2021-04-18T16:41:44","modified_gmt":"2021-04-18T20:41:44","slug":"tunisie-lugte-refuse-la-mesure-de-lenseignement-a-distance-imposee-aux-etudiants","status":"publish","type":"post","link":"https:\/\/linitiative.ca\/International\/tunisie-lugte-refuse-la-mesure-de-lenseignement-a-distance-imposee-aux-etudiants\/","title":{"rendered":"Tunisie \u2013 L\u2019UGTE refuse la mesure de l\u2019enseignement \u00e0 distance impos\u00e9e aux \u00e9tudiants"},"content":{"rendered":"<div class=\"post-cont-in left relative\">\n<div id=\"post-info-wrap\" class=\"left relative post-info-out\">\n<div class=\"post-info-img left relative\"><img decoding=\"async\" alt=\"\" src=\"https:\/\/secure.gravatar.com\/avatar\/047123be9d5e8513774383916ee72db2?s=50&amp;d=mm&amp;r=g\" srcset=\"https:\/\/secure.gravatar.com\/avatar\/047123be9d5e8513774383916ee72db2?s=100&amp;d=mm&amp;r=g 2x\" class=\"avatar avatar-50 photo\" height=\"50\" width=\"50\" loading=\"lazy\"\/><\/div>\n<div class=\"post-info-in\">\n<div class=\"post-info-right left relative post-info-name left relative\"><span><span class=\"post-info-text\">Par<\/span> <span class=\"author-name vcard fn author\"><a href=\"https:\/\/www.tunisienumerique.com\/author\/lm\/\" title=\"Articles par LM\" rel=\"author\">LM<\/a><\/span><\/span> <span class=\"post-date updated\"><time class=\"post-date updated\" datetime=\"2021-04-18\">\u00a0| Il y a 7 secondes<\/time><\/span><br \/>\n<meta itemprop=\"dateModified\" content=\"2021-04-18\"\/><\/div>\n<div class=\"left relative\"><button id=\"listenButton1\" class=\"responsivevoice-button\" type=\"button\" value=\"Play\" title=\"\u00c9coutez l'article\"><span>\ud83d\udd0a \u00c9coutez l&rsquo;article<\/span><\/button>\n<\/div>\n<\/div>\n<\/div>\n<p>L\u2019Union G\u00e9n\u00e9rale tunisienne des \u00e9tudiants a condamn\u00e9, ce dimanche, la mesure d\u00e9cid\u00e9e par le minist\u00e8re de l\u2019enseignement sup\u00e9rieur, d\u2019imposer l\u2019enseignement \u00e0 distance pour les \u00e9tudiants, tout en maintenant les dates pr\u00e9vues pour les examens.<\/p>\n<div class=\"code-block code-block-1 c4\">\n <ins class=\"adsbygoogle c3\" data-ad-layout=\"in-article\" data-ad-format=\"fluid\" data-ad-client=\"ca-pub-2102118777505746\" data-ad-slot=\"7301775417\"\/>\n<\/div>\n<p>L\u2019UGTE assure que cette mesure est partiale, dans la mesure o\u00f9 elle ne fournit pas \u00e0 tous les \u00e9tudiants, les m\u00eames possibilit\u00e9s, vu que de nombreux \u00e9tudiants ne disposent pas d\u2019un mat\u00e9riel optimal pour suivre les cours \u00e0 distance.<\/p>\n<p>L\u2019UGTE accuse le gouvernement d\u2019\u00eatre en cause de la situation \u00e9pid\u00e9miologique actuelle, et de prendre, par la suite, des mesures impopulaires.<\/p>\n<div class=\"swp_social_panel swp_horizontal_panel swp_flat_fresh swp_default_full_color swp_individual_full_color swp_other_full_color scale-100 scale-\" data-min-width=\"1100\" data-float-color=\"#ffffff\" data-float=\"bottom\" data-float-mobile=\"bottom\" data-transition=\"slide\">\n<div class=\"nc_tweetContainer swp_share_button total_shares total_sharesalt\"><span class=\"swp_count\">0 <span class=\"swp_label\">Partages<\/span><\/span><\/div>\n<\/div>\n<p><strong>Que se passe-t-il en Tunisie?<\/strong><br \/>Nous expliquons sur notre <a href=\"https:\/\/www.youtube.com\/channel\/UCRzypVq0B_yBad5eGrwBx0Q?sub_confirmation=1\" target=\"_blank\" rel=\"noopener\">cha\u00eene YouTube<\/a> . <a href=\"https:\/\/www.youtube.com\/channel\/UCRzypVq0B_yBad5eGrwBx0Q?sub_confirmation=1\" target=\"_blank\" rel=\"noopener\">Abonnez-vous!<\/a><\/p>\n<div class=\"mvp-org-wrap\" itemprop=\"publisher\">\n<div class=\"mvp-org-logo\" itemprop=\"logo\"><img decoding=\"async\" src=\"https:\/\/www.tunisienumerique.com\/wp-content\/uploads\/2017\/02\/logo_tunisie_numerique.png\"\/><br \/>\n<meta itemprop=\"url\" content=\"https:\/\/www.tunisienumerique.com\/wp-content\/uploads\/2017\/02\/logo_tunisie_numerique.png\"\/><\/div>\n<p><meta content=\"Tunisie\"\/><\/div>\n<div class=\"mvp-related-posts left relative\">\n<h4 class=\"post-header\"><span class=\"post-header\">Lire aussi<\/span><\/h4>\n<\/div>\n<div id=\"article-ad\">\n <ins class=\"adsbygoogle c5\" data-ad-client=\"ca-pub-2102118777505746\" data-ad-slot=\"6513972734\" data-ad-format=\"auto\" data-full-width-responsive=\"true\"\/>\n<\/div>\n<\/div>\n<div id=\"post-sidebar-wrap\">\n <ins class=\"adsbygoogle c5\" data-ad-client=\"ca-pub-2102118777505746\" data-ad-slot=\"6168283410\" data-ad-format=\"auto\" data-full-width-responsive=\"true\"\/>\n<\/div>\n<p>Auteur: LM<br \/>\n<a href=\"https:\/\/www.tunisienumerique.com\/tunisie-lugte-refuse-la-mesure-de-lenseignement-a-distance-imposee-aux-etudiants\/\">Cliquez ici pour lire l&rsquo;article depuis sa source.<\/a><\/p>\n","protected":false},"excerpt":{"rendered":"<p>Par LM \u00a0| Il y a 7 secondes \ud83d\udd0a \u00c9coutez l&rsquo;article L\u2019Union G\u00e9n\u00e9rale tunisienne des \u00e9tudiants a condamn\u00e9, ce dimanche, la mesure d\u00e9cid\u00e9e par le minist\u00e8re de l\u2019enseignement sup\u00e9rieur, d\u2019imposer l\u2019enseignement \u00e0 distance pour les \u00e9tudiants, tout en maintenant les dates pr\u00e9vues pour les examens. L\u2019UGTE assure que cette mesure est partiale, dans la mesure [&hellip;]<\/p>\n","protected":false},"author":1789,"featured_media":0,"comment_status":"closed","ping_status":"closed","sticky":false,"template":"","format":"standard","meta":{"fifu_image_url":"https:\/\/secure.gravatar.com\/avatar\/047123be9d5e8513774383916ee72db2?s=50&d=mm&r=g","fifu_image_alt":"Tunisie \u2013 L\u2019UGTE refuse la mesure de l\u2019enseignement \u00e0 distance impos\u00e9e aux \u00e9tudiants","footnotes":""},"categories":[73,55],"tags":[],"class_list":["post-115152","post","type-post","status-publish","format-standard","hentry","category-actualite","category-tunisie"],"_links":{"self":[{"href":"https:\/\/linitiative.ca\/International\/wp-json\/wp\/v2\/posts\/115152","targetHints":{"allow":["GET"]}}],"collection":[{"href":"https:\/\/linitiative.ca\/International\/wp-json\/wp\/v2\/posts"}],"about":[{"href":"https:\/\/linitiative.ca\/International\/wp-json\/wp\/v2\/types\/post"}],"author":[{"embeddable":true,"href":"https:\/\/linitiative.ca\/International\/wp-json\/wp\/v2\/users\/1789"}],"replies":[{"embeddable":true,"href":"https:\/\/linitiative.ca\/International\/wp-json\/wp\/v2\/comments?post=115152"}],"version-history":[{"count":0,"href":"https:\/\/linitiative.ca\/International\/wp-json\/wp\/v2\/posts\/115152\/revisions"}],"wp:attachment":[{"href":"https:\/\/linitiative.ca\/International\/wp-json\/wp\/v2\/media?parent=115152"}],"wp:term":[{"taxonomy":"category","embeddable":true,"href":"https:\/\/linitiative.ca\/International\/wp-json\/wp\/v2\/categories?post=115152"},{"taxonomy":"post_tag","embeddable":true,"href":"https:\/\/linitiative.ca\/International\/wp-json\/wp\/v2\/tags?post=115152"}],"curies":[{"name":"wp","href":"https:\/\/api.w.org\/{rel}","templated":true}]}}