{"id":115155,"date":"2021-04-18T14:17:49","date_gmt":"2021-04-18T18:17:49","guid":{"rendered":"https:\/\/linitiative.ca\/International\/remise-par-la-france-du-3e-lot-darchives-dans-laffaire-thomas-sankara\/"},"modified":"2021-04-18T14:17:49","modified_gmt":"2021-04-18T18:17:49","slug":"remise-par-la-france-du-3e-lot-darchives-dans-laffaire-thomas-sankara","status":"publish","type":"post","link":"https:\/\/linitiative.ca\/International\/remise-par-la-france-du-3e-lot-darchives-dans-laffaire-thomas-sankara\/","title":{"rendered":"REMISE PAR LA FRANCE DU 3E LOT D\u2019ARCHIVES DANS L\u2019AFFAIRE THOMAS SANKARA  \u00a0"},"content":{"rendered":"<p class=\"c4\"><em>L\u2019odyss\u00e9e judiciaire du dossier \u00ab\u00a0Thomas Sankara\u00a0\u00bb, d\u00e9but\u00e9e le 29 septembre 1997 avec la plainte d\u00e9pos\u00e9e par la veuve Mariam Sankara, connaitra bient\u00f4t son \u00e9pilogue, avec le renvoi de Blaise Compaor\u00e9 et treize autres accus\u00e9s devant le tribunal militaire de Ouagadougou, apr\u00e8s la confirmation par la chambre de contr\u00f4le de l\u2019instruction, le 13 avril dernier, des charges qui p\u00e8sent contre eux. Il aura fallu donc attendre plusieurs d\u00e9cennies d\u2019atermoiements et de rebondissements pour voir le tabou d\u00e9finitivement lev\u00e9 sur la mort tragique du leader de la R\u00e9volution burkinab\u00e8 et de ses douze compagnons d\u2019infortune, \u00e0 la faveur de la chute de Blaise Compaor\u00e9 et surtout de la relance de l\u2019enqu\u00eate ordonn\u00e9e par la Transition en 2015. Plus rien ne s\u2019oppose donc \u00e0 la reddition des comptes dans ce dossier br\u00fblant qui a parasit\u00e9 la vie sociopolitique du Burkina Faso, ces trois derni\u00e8res d\u00e9cennies, m\u00eame si, \u00e0 terme, le proc\u00e8s \u00e0 venir risque de nous laisser sur notre soif de connaitre la v\u00e9rit\u00e9 et toute la v\u00e9rit\u00e9 dans le carnage du Conseil de l\u2019entente, avec l\u2019absence probable dans le box des accus\u00e9s, des pr\u00e9sum\u00e9s commanditaire et ex\u00e9cutant, Blaise Compaor\u00e9 et Hyacinthe Kafando en l\u2019occurrence.<\/em><\/p>\n<p class=\"c4\"><em>\u00a0<\/em><\/p>\n<p class=\"c6\"><strong><em>Il y aura de fortes chances qu\u2019on sache enfin \u00ab\u00a0qui a fait quoi, avec qui et pourquoi\u00a0?\u00a0\u00bb<\/em><\/strong><\/p>\n<p class=\"c4\"><em>\u00a0<\/em><\/p>\n<p class=\"c4\"><em>Tous deux sont en exil depuis 2014 comme chacun le sait, et il serait illusoire, pour ce qui concerne Blaise Compaor\u00e9 en tout cas, de croire que la C\u00f4te d\u2019Ivoire dont il est devenu un citoyen de circonstance, rendra service \u00e0 la Justice burkinab\u00e8 et aux familles des victimes du sanglant coup d\u2019Etat de 1987, en r\u00e9pondant favorablement \u00e0 la demande d\u2019extradition des deux fugitifs, formul\u00e9e par l\u2019autorit\u00e9 judiciaire du Burkina. Qu\u2019\u00e0 cela ne tienne, le proc\u00e8s qui s\u2019ouvrira \u00e0 une date non encore d\u00e9termin\u00e9e, permettra de lever un coin du voile sur cette affaire, d\u2019autant qu\u2019on a pu mettre la main sur douze autres accus\u00e9s, dont le G\u00e9n\u00e9ral Gilbert Diend\u00e9r\u00e9 qui \u00e9tait l\u2019homme-lige de Blaise Compaor\u00e9 au moment des faits. On en saura certainement davantage sur les t\u00eates qui ont pens\u00e9 et les mains qui ont agi avant et pendant la journ\u00e9e fatidique du 15 octobre, et possiblement sur les complicit\u00e9s externes \u00a0dont ont b\u00e9n\u00e9fici\u00e9 les putschistes. L\u2019on est d\u2019autant plus fond\u00e9 \u00e0 le croire que les accus\u00e9s qui seront \u00e0 la barre du tribunal militaire et les t\u00e9moins qui vont y d\u00e9filer, vont dire ce qu\u2019ils savent de la trag\u00e9die, qui pour se d\u00e9douaner ou soulager sa conscience en faisant acte de contrition publique, qui pour aider \u00e0 la manifestation de la v\u00e9rit\u00e9 sans le bout d\u2019une kalachnikov ou d\u2019un pistolet Beretta sous la tempe. Si on ajoute \u00e0 ces r\u00e9v\u00e9lations celles contenues dans les documents d\u00e9classifi\u00e9s par la France et transmis au juge Fran\u00e7ois Yam\u00e9ogo en charge de l\u2019instruction du dossier, il y aura de fortes chances qu\u2019on sache enfin \u00ab\u00a0qui a fait quoi, avec qui et pourquoi\u00a0?\u00a0\u00bb, pour l\u2019emprunter \u00e0 la phras\u00e9ologie r\u00e9volutionnaire des ann\u00e9es 80. Le troisi\u00e8me et dernier lot de ces documents a priori riches en informations sur ceux qui ont trucid\u00e9 Sankara, a certes \u00e9t\u00e9 tardivement remis aux autorit\u00e9s burkinab\u00e8 seulement samedi dernier soit bien apr\u00e8s la fin de l\u2019instruction, mais il n\u2019en reste pas moins int\u00e9ressant pour la suite de la proc\u00e9dure d\u2019autant que le tribunal militaire pourra exploiter le contenu et en tirer les cons\u00e9quences de droit.<\/em><\/p>\n<p class=\"c4\"><em>\u00a0<\/em><\/p>\n<p class=\"c6\"><strong><em>On esp\u00e8re que les archivistes fran\u00e7ais n\u2019ont pas transmis \u00e0 la Justice burkinab\u00e8, des documents\u2026tri\u00e9s sur le volet<\/em><\/strong><\/p>\n<p class=\"c4\"><em>\u00a0<\/em><\/p>\n<p class=\"c4\"><em>Toutefois, on doit s\u2019interroger sur l\u2019int\u00e9r\u00eat et l\u2019utilit\u00e9 de ces archives class\u00e9es \u00ab\u00a0secret-d\u00e9fense\u00a0\u00bb vers\u00e9es au dossier, surtout quand on sait que la France, foi du juge Trevedic, n\u2019a jamais, autant qu\u2019on se souvienne, d\u00e9classifi\u00e9 un seul document estampill\u00e9 \u00ab\u00a0secret-d\u00e9fense\u00a0\u00bb ou qui rel\u00e8ve du domaine du non librement accessible. On esp\u00e8re que les archivistes fran\u00e7ais n\u2019ont pas transmis \u00e0 la Justice burkinab\u00e8, des documents\u2026tri\u00e9s sur le volet, qui innocentent la France dans l\u2019assassinat de Sankara alors que beaucoup d\u2019Africains la consid\u00e8rent,\u00a0 \u00e0 tort ou \u00e0 raison, sinon comme coupable, du moins comme complice des ex\u00e9cutants de la basse besogne. On aimerait bien savoir si la bande \u00e0 Blaise a agi avec le soutien actif ou tacite d\u2019acteurs fran\u00e7ais, ivoiriens, togolais, lib\u00e9riens, libyens ou angolais, et \u00e9ventuellement, le degr\u00e9 d\u2019implication de chacun dans le carnage du 15 octobre. Cela dit, ne perdons pas du temps \u00e0 ergoter sur le sexe des anges alors que le contenu\u00a0 des documents remis par la France, n\u2019a pas ou a tr\u00e8s peu fuit\u00e9, et alors que nous avons, pour la premi\u00e8re fois depuis la commission du crime, \u00a0l\u2019occasion de percer le myst\u00e8re qui l\u2019entoure, de solder les comptes et \u00e9ventuellement de pardonner aux auteurs et complices, dans le cadre de la r\u00e9conciliation nationale entreprise par le pr\u00e9sident du Faso. Blaise Compaor\u00e9 qui est aujourd\u2019hui diminu\u00e9 par l\u2019\u00e2ge et surtout par la maladie a l\u00e0, l\u2019occasion unique d\u2019expliquer au peuple burkinab\u00e8 et au monde, les circonstances du drame et les non-dits de cette affaire qui lui collera \u00e0 la peau jusqu\u2019\u00e0 la fin de ses jours. Mais ce serait une grave erreur et une grosse m\u00e9prise de sa part de croire qu\u2019il pourra se tirer d\u2019affaire en se pr\u00e9valant de sa nationalit\u00e9 ivoirienne ou en comptant sur une loi d\u2019amnistie, alors qu\u2019il peut toujours rentrer dans son pays, compara\u00eetre devant la Justice et purger sa peine, demander pardon \u00e0 toutes ses victimes, et, pourquoi pas, sortir de la prison \u00e0 la faveur d\u2019une gr\u00e2ce pr\u00e9sidentielle en laissant derri\u00e8re lui une image moins d\u00e9testable qu\u2019elle ne l\u2019est actuellement. Pas s\u00fbr que \u2018\u2019l\u2019enfant terrible de Ziniar\u00e9\u2019\u2019 ait assez de courage et d\u2019humilit\u00e9 pour franchir ce pas. En tout \u00e9tat de cause, son jugement par contumace ruinera d\u00e9finitivement ses chances de r\u00e9habilitation aux yeux de l\u2019opinion publique nationale et africaine, car ses coaccus\u00e9s pourraient l\u2019enfoncer davantage en cherchant \u00e0 s\u2019innocenter, et la Cour aura la main particuli\u00e8rement lourde avec la peine dont il va fatalement \u00e9coper pour avoir jou\u00e9 avec condescendance puis \u00e0 cache-cache avec la Justice de son pays, pr\u00e8s de quatre\u00a0 d\u00e9cennies durant.<\/em><\/p>\n<p class=\"c4\"><em>\u00a0<\/em><\/p>\n<p class=\"c6\"><strong><em>\u00ab\u00a0Le Pays\u00a0\u00bb<\/em><\/strong><\/p>\n<p>Auteur: Editions LEPAYS<br \/>\n<a href=\"https:\/\/lepays.bf\/remise-par-la-france-du-3e-lot-darchives-dans-laffaire-thomas-sankara\/\">Cliquez ici pour lire l&rsquo;article depuis sa source.<\/a><\/p>\n","protected":false},"excerpt":{"rendered":"<p>L\u2019odyss\u00e9e judiciaire du dossier \u00ab\u00a0Thomas Sankara\u00a0\u00bb, d\u00e9but\u00e9e le 29 septembre 1997 avec la plainte d\u00e9pos\u00e9e par la veuve Mariam Sankara, connaitra bient\u00f4t son \u00e9pilogue, avec le renvoi de Blaise Compaor\u00e9 et treize autres accus\u00e9s devant le tribunal militaire de Ouagadougou, apr\u00e8s la confirmation par la chambre de contr\u00f4le de l\u2019instruction, le 13 avril dernier, des [&hellip;]<\/p>\n","protected":false},"author":1813,"featured_media":0,"comment_status":"closed","ping_status":"closed","sticky":false,"template":"","format":"standard","meta":{"fifu_image_url":"","fifu_image_alt":"","footnotes":""},"categories":[73,81],"tags":[],"class_list":["post-115155","post","type-post","status-publish","format-standard","hentry","category-actualite","category-burkina-faso"],"_links":{"self":[{"href":"https:\/\/linitiative.ca\/International\/wp-json\/wp\/v2\/posts\/115155","targetHints":{"allow":["GET"]}}],"collection":[{"href":"https:\/\/linitiative.ca\/International\/wp-json\/wp\/v2\/posts"}],"about":[{"href":"https:\/\/linitiative.ca\/International\/wp-json\/wp\/v2\/types\/post"}],"author":[{"embeddable":true,"href":"https:\/\/linitiative.ca\/International\/wp-json\/wp\/v2\/users\/1813"}],"replies":[{"embeddable":true,"href":"https:\/\/linitiative.ca\/International\/wp-json\/wp\/v2\/comments?post=115155"}],"version-history":[{"count":0,"href":"https:\/\/linitiative.ca\/International\/wp-json\/wp\/v2\/posts\/115155\/revisions"}],"wp:attachment":[{"href":"https:\/\/linitiative.ca\/International\/wp-json\/wp\/v2\/media?parent=115155"}],"wp:term":[{"taxonomy":"category","embeddable":true,"href":"https:\/\/linitiative.ca\/International\/wp-json\/wp\/v2\/categories?post=115155"},{"taxonomy":"post_tag","embeddable":true,"href":"https:\/\/linitiative.ca\/International\/wp-json\/wp\/v2\/tags?post=115155"}],"curies":[{"name":"wp","href":"https:\/\/api.w.org\/{rel}","templated":true}]}}