{"id":115156,"date":"2021-04-18T14:27:29","date_gmt":"2021-04-18T18:27:29","guid":{"rendered":"https:\/\/linitiative.ca\/International\/affrontements-entre-dozos-et-djihadistes-au-mali\/"},"modified":"2021-04-18T14:27:29","modified_gmt":"2021-04-18T18:27:29","slug":"affrontements-entre-dozos-et-djihadistes-au-mali","status":"publish","type":"post","link":"https:\/\/linitiative.ca\/International\/affrontements-entre-dozos-et-djihadistes-au-mali\/","title":{"rendered":"AFFRONTEMENTS ENTRE DOZOS ET DJIHADISTES AU MALI"},"content":{"rendered":"<p class=\"c4\"><em>Depuis pr\u00e8s de quatre mois, ce n\u2019est pas la paix dans le cercle de Djenn\u00e9 au Mali. En effet, des dozos et des djihadistes s\u2019affrontement r\u00e9guli\u00e8rement dans cette localit\u00e9 o\u00f9 des villages entiers ont \u00e9t\u00e9 br\u00fbl\u00e9s, contraignant les habitants \u00e0 fuir leurs domiciles respectifs.\u00a0 Preuve, s\u2019il en est, que l\u2019accord communautaire sign\u00e9 en ao\u00fbt 2019, pour permettre la libre circulation des personnes, notamment agriculteurs, Bambara ou dozos et \u00e9leveurs peuls, n\u2019aura pas produit les effets escompt\u00e9s.\u00a0 Mais pouvait-il en \u00eatre autrement quand on sait que \u00a0parmi les signataires de cet accord, il y en a qui veulent imposer un mode de vie moyen\u00e2geux aux autres\u00a0? Les hommes de la Katiba Macina d\u2019Amadou Kouffa, affili\u00e9e au Groupe de soutien \u00e0 l\u2019islam et aux musulmans (JNIM) du redoutable Iyad Ag Ghaly, veulent mettre le Centre du Mali sous coupe r\u00e9gl\u00e9e. Tant et si bien que l\u2019on en vient \u00e0 se poser la question\u00a0: o\u00f9 est pass\u00e9e l\u2019arm\u00e9e dans tout \u00e7a\u00a0? Tout porte \u00e0 croire que les FAMa sont \u00e0 la peine face \u00e0 ces ing\u00e9nieurs du mal, puisqu\u2019elles n\u2019arrivent toujours pas \u00e0 d\u00e9fendre l\u2019int\u00e9grit\u00e9 du territoire, qui, pourtant, rel\u00e8ve de leur\u00a0 mission r\u00e9galienne. C\u2019est d\u2019autant plus vrai que n\u2019e\u00fbt \u00e9t\u00e9 la r\u00e9sistance des dozos, le cercle de Djenn\u00e9 aurait d\u00e9j\u00e0 \u00e9chapp\u00e9 au contr\u00f4le de l\u2019Etat malien, si ce n\u2019est d\u00e9j\u00e0 le cas. En fait, ce qui se passe au Centre du Mali et plus particuli\u00e8rement dans le cercle de Djenn\u00e9, traduit, et c\u2019est peu de le dire, la faillite de l\u2019Etat malien. Tout se passe comme si l\u2019autorit\u00e9 avait d\u00e9cid\u00e9 de confier la s\u00e9curit\u00e9 de certaines localit\u00e9s, aux milices d\u2019autod\u00e9fense et aux chefs religieux. Les accords peuvent, certes, permettre d\u2019avoir une certaine accalmie, mais ce n\u2019est g\u00e9n\u00e9ralement que le calme qui pr\u00e9c\u00e8de la temp\u00eate. L\u2019Etat doit jouer son r\u00f4le; il doit et cela est un imp\u00e9ratif,\u00a0 \u00e0 d\u00e9faut de d\u00e9loger les djihadistes du cercle de Djenn\u00e9 par des moyens muscl\u00e9s, encadrer les n\u00e9gociations qui peinent \u00e0 porter leurs fruits. \u00a0<\/em><\/p>\n<p class=\"c4\"><em>\u00a0<\/em><\/p>\n<p class=\"c6\"><strong><em>L\u2019ins\u00e9curit\u00e9 constitue un v\u00e9ritable boulet au pied de la nation malienne<\/em><\/strong><\/p>\n<p class=\"c4\"><em>\u00a0<\/em><\/p>\n<p class=\"c4\"><em>\u00a0Malheureusement, on a le sentiment que les populations de cette localit\u00e9 sont abandonn\u00e9es \u00e0 elles-m\u00eames. Or, tant que les choses seront ainsi, les djihadistes continueront de massacrer les pauvres populations. Il ne faut pas se faire d\u2019illusions\u00a0; ce qui se passe au Centre du Mali ach\u00e8ve de convaincre que le pays de Modibo K\u00e9ita constitue le ventre mou de la lutte contre l\u2019hydre terroriste. On est d\u2019autant plus fond\u00e9 \u00e0 le penser que si le Mali n\u2019avait pas \u00e9chou\u00e9 dans sa politique de s\u00e9curisation du territoire, les terroristes n\u2019auraient pas pu \u00e9tendre leurs tentacules vers d\u2019autres pays comme le Burkina, le Niger et la C\u00f4te d\u2019Ivoire. Cela dit, faut-il d\u00e9sesp\u00e9rer du Mali\u00a0? Il y a de bonnes raisons. Car, m\u00eame si elle n\u2019a atteint son paroxysme qu\u2019\u00e0 partir de 2012, avec l\u2019invasion et l\u2019occupation d\u2019une partie du territoire, notamment la partie septentrionale, l\u2019ins\u00e9curit\u00e9 constitue un v\u00e9ritable boulet au pied de la nation malienne depuis la nuit des temps. Et le moins que l\u2019on puisse dire, c\u2019est que ce n\u2019est pas demain la veille que ce pays parviendra \u00e0 bouter les d\u00e9mons de la violence hors de ses fronti\u00e8res. En tout cas, tant que certains de ses fils, en l\u2019occurrence Amadou Kouffa et Iyad Ag Ghaly pour ne citer que ceux-l\u00e0, refuseront de rentrer dans la R\u00e9publique, le Mali ne conna\u00eetra jamais la paix. Si l\u2019accord d\u2019Alger cens\u00e9 ramener la paix au Mali, peine \u00e0 \u00eatre appliqu\u00e9, c\u2019est du fait de leur volont\u00e9 de d\u00e9truire plut\u00f4t que de construire.<\/em><\/p>\n<p class=\"c4\"><em>\u00a0<\/em><\/p>\n<p class=\"c6\"><em><strong>Dabadi ZOUMBARA<\/strong><\/em><\/p>\n<p class=\"c4\"><em>\u00a0<\/em><\/p>\n<p class=\"c4\"><em>\u00a0\u00a0\u00a0<\/em><\/p>\n<p>Auteur: Editions LEPAYS<br \/>\n<a href=\"https:\/\/lepays.bf\/affrontements-entre-dozos-et-djihadistes-au-mali\/\">Cliquez ici pour lire l&rsquo;article depuis sa source.<\/a><\/p>\n","protected":false},"excerpt":{"rendered":"<p>Depuis pr\u00e8s de quatre mois, ce n\u2019est pas la paix dans le cercle de Djenn\u00e9 au Mali. En effet, des dozos et des djihadistes s\u2019affrontement r\u00e9guli\u00e8rement dans cette localit\u00e9 o\u00f9 des villages entiers ont \u00e9t\u00e9 br\u00fbl\u00e9s, contraignant les habitants \u00e0 fuir leurs domiciles respectifs.\u00a0 Preuve, s\u2019il en est, que l\u2019accord communautaire sign\u00e9 en ao\u00fbt 2019, [&hellip;]<\/p>\n","protected":false},"author":1813,"featured_media":0,"comment_status":"closed","ping_status":"closed","sticky":false,"template":"","format":"standard","meta":{"fifu_image_url":"","fifu_image_alt":"","footnotes":""},"categories":[73,81],"tags":[],"class_list":["post-115156","post","type-post","status-publish","format-standard","hentry","category-actualite","category-burkina-faso"],"_links":{"self":[{"href":"https:\/\/linitiative.ca\/International\/wp-json\/wp\/v2\/posts\/115156","targetHints":{"allow":["GET"]}}],"collection":[{"href":"https:\/\/linitiative.ca\/International\/wp-json\/wp\/v2\/posts"}],"about":[{"href":"https:\/\/linitiative.ca\/International\/wp-json\/wp\/v2\/types\/post"}],"author":[{"embeddable":true,"href":"https:\/\/linitiative.ca\/International\/wp-json\/wp\/v2\/users\/1813"}],"replies":[{"embeddable":true,"href":"https:\/\/linitiative.ca\/International\/wp-json\/wp\/v2\/comments?post=115156"}],"version-history":[{"count":0,"href":"https:\/\/linitiative.ca\/International\/wp-json\/wp\/v2\/posts\/115156\/revisions"}],"wp:attachment":[{"href":"https:\/\/linitiative.ca\/International\/wp-json\/wp\/v2\/media?parent=115156"}],"wp:term":[{"taxonomy":"category","embeddable":true,"href":"https:\/\/linitiative.ca\/International\/wp-json\/wp\/v2\/categories?post=115156"},{"taxonomy":"post_tag","embeddable":true,"href":"https:\/\/linitiative.ca\/International\/wp-json\/wp\/v2\/tags?post=115156"}],"curies":[{"name":"wp","href":"https:\/\/api.w.org\/{rel}","templated":true}]}}