{"id":115157,"date":"2021-04-18T14:32:26","date_gmt":"2021-04-18T18:32:26","guid":{"rendered":"https:\/\/linitiative.ca\/International\/affrontements-communautaires-et-avancee-des-rebelles-au-tchad\/"},"modified":"2021-04-18T14:32:26","modified_gmt":"2021-04-18T18:32:26","slug":"affrontements-communautaires-et-avancee-des-rebelles-au-tchad","status":"publish","type":"post","link":"https:\/\/linitiative.ca\/International\/affrontements-communautaires-et-avancee-des-rebelles-au-tchad\/","title":{"rendered":"AFFRONTEMENTS COMMUNAUTAIRES ET AVANCEE DES REBELLES AU TCHAD  \u00a0"},"content":{"rendered":"<p class=\"c4\"><em>Affrontements communautaires sanglants dans le Sud-Est du pays\u00a0! Bruits de bottes dans le Nord du pays\u00a0! Peur-panique dans la capitale o\u00f9 les uns et les autres, ne sachant pas de quoi sera fait demain, commencent \u00e0 faire leurs provisions. Telle est la situation difficile qui pr\u00e9vaut actuellement au Tchad, pays du mar\u00e9chal Idriss Deby Itno\u00a0; tant la m\u00e9t\u00e9o sociopolitique est tr\u00e8s mauvaise. Tout se passe,\u00a0 en effet, comme si la pr\u00e9sidentielle du 11 avril dernier dont on ne se fait pas d\u2019illusions sur le nom du vainqueur, avait contribu\u00e9 \u00e0 raviver les tensions au Tchad. Tant et si bien que des violences ont \u00e9clat\u00e9 un peu partout et ce, alors m\u00eame que les r\u00e9sultats du scrutin n\u2019ont pas encore \u00e9t\u00e9 rendus publics. Craint-on d\u2019annoncer la r\u00e9\u00e9lection du ma\u00eetre de N\u2019Djamena au risque d\u2019en rajouter au contexte sociopolitique tr\u00e8s d\u00e9l\u00e9t\u00e8re\u00a0? Tout porte \u00e0 le croire surtout qu\u2019\u00e0 ce qu\u2019on dit, les rebelles qui n\u2019entendent pas se laisser conter fleurette, ont d\u00e9j\u00e0 pris le contr\u00f4le de la province du Kanem o\u00f9 de violents affrontements les ont oppos\u00e9s aux forces arm\u00e9es tchadiennes. Certes, les soldats de\u00a0Deby disent avoir mis en d\u00e9route ceux qu\u2019ils qualifient de \u00ab\u00a0terroristes\u00a0\u00bb, mais il faut dire que le Front pour l\u2019alternance et la concorde au Tchad (FACT) trouble le sommeil des autorit\u00e9s de N\u2019Djamena. Si fait que redoutant un pourrissement de la situation, certaines chancelleries occidentales ont\u00a0 commenc\u00e9 \u00e0 \u00e9vacuer leurs ressortissants. Deby a sem\u00e9 la dictature et l\u2019heure est venue, pour lui, de r\u00e9colter\u2026 la temp\u00eate du d\u00e9sert. Car, apr\u00e8s une trentaine d\u2019ann\u00e9es aux affaires, plut\u00f4t que de faire valoir ses droits \u00e0 la retraite en quittant honorablement la sc\u00e8ne politique, le \u00ab\u00a0guerrier du d\u00e9sert\u00a0\u00bb, ainsi qu\u2019on le surnomme, refuse de s\u2019imaginer une autre vie en dehors du pouvoir.<\/em><\/p>\n<p class=\"c4\"><em>\u00a0<\/em><\/p>\n<p class=\"c6\"><strong><em>La France est interpell\u00e9e<\/em><\/strong><\/p>\n<p class=\"c4\"><em>\u00a0<\/em><\/p>\n<p class=\"c4\"><em>Au point qu\u2019il a d\u00e9cid\u00e9 de rempiler pour un 6<sup>e<\/sup> mandat et ce, apr\u00e8s avoir pris le soin d\u2019\u00e9carter tous ses adversaires de taille capables de lui tailler des croupi\u00e8res. On se rappelle encore l\u2019attaque \u00e0 l\u2019arme lourde du domicile d\u2019un de ses opposants, Yaya Dillo, qui avait laiss\u00e9 plusieurs morts sur le carreau. D\u2019aucuns estiment d\u2019ailleurs que les tensions en cours dans le pays, ont \u00e9t\u00e9 exacerb\u00e9es par cette attaque qui, dit-on, a provoqu\u00e9 un v\u00e9ritable malaise au sein des troupes. En tout cas, pour autant qu\u2019il veuille sauver son fauteuil, Deby qui se pose en pion\u00a0 incontournable dans la lutte contre le terrorisme au Sahel, gagnerait \u00e0 ouvrir un dialogue franc et \u00a0sinc\u00e8re \u00a0avec toutes les composantes de la nation tchadienne. Est-il seulement capable de ce sursaut\u00a0? Pas si s\u00fbr. Surtout quand on sait qu\u2019il b\u00e9n\u00e9ficie du soutien de la France qui, certes, pour le moment, observe, mais n\u2019h\u00e9sitera sans doute pas \u00e0 intervenir \u00a0encore militairement si, ville apr\u00e8s ville, les rebelles d\u00e9cidaient de descendre sur N\u2019Djamena. Comment, dans ces conditions, esp\u00e9rer la fin des dictatures en Afrique si ceux-l\u00e0 qui se font passer pour des parangons\u2026 de d\u00e9mocrates et qui disent se gader de toute ing\u00e9rence, n\u2019h\u00e9sitent pas \u00e0 voler au secours de dirigeants aux abois\u00a0? La France est donc interpell\u00e9e.<\/em><\/p>\n<p class=\"c4\"><em>\u00a0<\/em><\/p>\n<p class=\"c6\"><strong><em>Boundi OUOBA<\/em><\/strong><\/p>\n<p>Auteur: Editions LEPAYS<br \/>\n<a href=\"https:\/\/lepays.bf\/affrontements-communautaires-et-avancee-des-rebelles-au-tchad\/\">Cliquez ici pour lire l&rsquo;article depuis sa source.<\/a><\/p>\n","protected":false},"excerpt":{"rendered":"<p>Affrontements communautaires sanglants dans le Sud-Est du pays\u00a0! Bruits de bottes dans le Nord du pays\u00a0! Peur-panique dans la capitale o\u00f9 les uns et les autres, ne sachant pas de quoi sera fait demain, commencent \u00e0 faire leurs provisions. Telle est la situation difficile qui pr\u00e9vaut actuellement au Tchad, pays du mar\u00e9chal Idriss Deby Itno\u00a0; [&hellip;]<\/p>\n","protected":false},"author":1813,"featured_media":0,"comment_status":"closed","ping_status":"closed","sticky":false,"template":"","format":"standard","meta":{"fifu_image_url":"","fifu_image_alt":"","footnotes":""},"categories":[73,81],"tags":[],"class_list":["post-115157","post","type-post","status-publish","format-standard","hentry","category-actualite","category-burkina-faso"],"_links":{"self":[{"href":"https:\/\/linitiative.ca\/International\/wp-json\/wp\/v2\/posts\/115157","targetHints":{"allow":["GET"]}}],"collection":[{"href":"https:\/\/linitiative.ca\/International\/wp-json\/wp\/v2\/posts"}],"about":[{"href":"https:\/\/linitiative.ca\/International\/wp-json\/wp\/v2\/types\/post"}],"author":[{"embeddable":true,"href":"https:\/\/linitiative.ca\/International\/wp-json\/wp\/v2\/users\/1813"}],"replies":[{"embeddable":true,"href":"https:\/\/linitiative.ca\/International\/wp-json\/wp\/v2\/comments?post=115157"}],"version-history":[{"count":0,"href":"https:\/\/linitiative.ca\/International\/wp-json\/wp\/v2\/posts\/115157\/revisions"}],"wp:attachment":[{"href":"https:\/\/linitiative.ca\/International\/wp-json\/wp\/v2\/media?parent=115157"}],"wp:term":[{"taxonomy":"category","embeddable":true,"href":"https:\/\/linitiative.ca\/International\/wp-json\/wp\/v2\/categories?post=115157"},{"taxonomy":"post_tag","embeddable":true,"href":"https:\/\/linitiative.ca\/International\/wp-json\/wp\/v2\/tags?post=115157"}],"curies":[{"name":"wp","href":"https:\/\/api.w.org\/{rel}","templated":true}]}}