{"id":115159,"date":"2021-04-17T19:18:03","date_gmt":"2021-04-17T23:18:03","guid":{"rendered":"https:\/\/linitiative.ca\/International\/ramadan-respect-partiel-des-mesures-contre-la-covid-19-dans-des-mosquees-a-abidjan\/"},"modified":"2021-04-17T19:18:03","modified_gmt":"2021-04-17T23:18:03","slug":"ramadan-respect-partiel-des-mesures-contre-la-covid-19-dans-des-mosquees-a-abidjan","status":"publish","type":"post","link":"https:\/\/linitiative.ca\/International\/ramadan-respect-partiel-des-mesures-contre-la-covid-19-dans-des-mosquees-a-abidjan\/","title":{"rendered":"Ramadan: respect partiel des mesures contre la Covid-19 dans des mosqu\u00e9es \u00e0 Abidjan"},"content":{"rendered":"<div readability=\"32\">\n<p>Publi\u00e9 le 18.04.2021 \u00e0 00h18 par APA News<\/p>\n<\/div>\n<div readability=\"81\">\n<p>Les mesures barri\u00e8res contre la Covid-19 telles la distanciation physique et le port du cache-nez sont partiellement respect\u00e9es dans des mosqu\u00e9es \u00e0 Abidjan, o\u00f9 les pri\u00e8res dans ces lieux de culte drainent beaucoup de fid\u00e8les musulmans ces derniers jours en raison du je\u00fbne du mois de ramadan.<\/p>\n<p>Dans des communes hupp\u00e9es comme le Plateau, le Centre des affaires d\u2019Abidjan, o\u00f9 \u00e0 Cocody \u00e0 l\u2019est de la capitale \u00e9conomique ivoirienne, les mesures barri\u00e8res dont la distanciation physique et le port du cache-nez sont scrupuleusement respect\u00e9es.<\/p>\n<p>A la grande mosqu\u00e9e de la Riviera-Golf ou encore \u00e0 la grande mosqu\u00e9e de la Riviera II et la grande mosqu\u00e9e du Plateau, les mesures barri\u00e8res sont impos\u00e9es. Dans ces mosqu\u00e9es, les autorit\u00e9s religieuses exigent aux fid\u00e8les le respect des mesures anti-Covid-19 pendant le culte.<\/p>\n<p>Par contre, \u00e0 Abobo, \u00e0 Adjam\u00e9, dans le Nord d\u2019Abidjan ou encore \u00e0 Yopougon, dans l\u2019Ouest, des communes dites populaires de la capitale \u00e9conomique ivoirienne, les mesures barri\u00e8res contre la Covid-19 sont foul\u00e9es aux pieds dans plusieurs mosqu\u00e9es.<\/p>\n<p>Le non-respect de certaines mesures sanitaires a accru ces derniers mois les risques de propagation de cette maladie. Mais, des fid\u00e8les musulmans observent rarement les mesures contre la Covid-19 dans la plupart des mosqu\u00e9es des quartiers dits populaires.<\/p>\n<p>Le je\u00fbne du mois du ramadan qui est le quatri\u00e8me pilier de l\u2019islam, a d\u00e9marr\u00e9 depuis mardi en C\u00f4te d\u2019Ivoire. Il devrait durer 29 ou 30 jours pendant lesquels les musulmans restent \u00e0 je\u00fbn de l\u2019aube jusqu\u2019au coucher du soleil et s\u2019abstiennent \u00e9galement d\u2019avoir des rapports sexuels avec leur conjoint dans la journ\u00e9e.<\/p>\n<p>Pendant cette p\u00e9riode marqu\u00e9e par la g\u00e9n\u00e9rosit\u00e9 des fid\u00e8les \u00e0 l\u2019\u00e9gard de leurs co-religionnaires, les mosqu\u00e9es drainent beaucoup plus de fid\u00e8les musulmans pendant les pri\u00e8res, d\u2019o\u00f9 un risque r\u00e9el de propagation de la maladie \u00e0 Coronavirus dans les lieux de culte.<\/p>\n<p>A la date du 15 avril 2021, la C\u00f4te d\u2019Ivoire comptait 45.444 cas confirm\u00e9s de Covid-19 dont 44 925 personnes gu\u00e9ries et 273 d\u00e9c\u00e8s. Abidjan reste l\u2019\u00e9picentre de la maladie avec plus de 90% des cas positifs.<\/p>\n<\/div>\n<p>Auteur: APA News<br \/>\n<a href=\"https:\/\/www.journalducameroun.com\/ramadan-respect-partiel-des-mesures-contre-la-covid-19-dans-des-mosquees-a-abidjan\/\">Cliquez ici pour lire l&rsquo;article depuis sa source.<\/a><\/p>\n","protected":false},"excerpt":{"rendered":"<p>Publi\u00e9 le 18.04.2021 \u00e0 00h18 par APA News Les mesures barri\u00e8res contre la Covid-19 telles la distanciation physique et le port du cache-nez sont partiellement respect\u00e9es dans des mosqu\u00e9es \u00e0 Abidjan, o\u00f9 les pri\u00e8res dans ces lieux de culte drainent beaucoup de fid\u00e8les musulmans ces derniers jours en raison du je\u00fbne du mois de ramadan. [&hellip;]<\/p>\n","protected":false},"author":1965,"featured_media":0,"comment_status":"closed","ping_status":"closed","sticky":false,"template":"","format":"standard","meta":{"fifu_image_url":"","fifu_image_alt":"","footnotes":""},"categories":[73,82],"tags":[],"class_list":["post-115159","post","type-post","status-publish","format-standard","hentry","category-actualite","category-cameroun"],"_links":{"self":[{"href":"https:\/\/linitiative.ca\/International\/wp-json\/wp\/v2\/posts\/115159","targetHints":{"allow":["GET"]}}],"collection":[{"href":"https:\/\/linitiative.ca\/International\/wp-json\/wp\/v2\/posts"}],"about":[{"href":"https:\/\/linitiative.ca\/International\/wp-json\/wp\/v2\/types\/post"}],"author":[{"embeddable":true,"href":"https:\/\/linitiative.ca\/International\/wp-json\/wp\/v2\/users\/1965"}],"replies":[{"embeddable":true,"href":"https:\/\/linitiative.ca\/International\/wp-json\/wp\/v2\/comments?post=115159"}],"version-history":[{"count":0,"href":"https:\/\/linitiative.ca\/International\/wp-json\/wp\/v2\/posts\/115159\/revisions"}],"wp:attachment":[{"href":"https:\/\/linitiative.ca\/International\/wp-json\/wp\/v2\/media?parent=115159"}],"wp:term":[{"taxonomy":"category","embeddable":true,"href":"https:\/\/linitiative.ca\/International\/wp-json\/wp\/v2\/categories?post=115159"},{"taxonomy":"post_tag","embeddable":true,"href":"https:\/\/linitiative.ca\/International\/wp-json\/wp\/v2\/tags?post=115159"}],"curies":[{"name":"wp","href":"https:\/\/api.w.org\/{rel}","templated":true}]}}