{"id":115164,"date":"2021-04-18T12:49:34","date_gmt":"2021-04-18T16:49:34","guid":{"rendered":"https:\/\/linitiative.ca\/International\/le-groupe-sabc-lance-ledition-2021-des-journees-citoyennes\/"},"modified":"2021-04-18T12:49:34","modified_gmt":"2021-04-18T16:49:34","slug":"le-groupe-sabc-lance-ledition-2021-des-journees-citoyennes","status":"publish","type":"post","link":"https:\/\/linitiative.ca\/International\/le-groupe-sabc-lance-ledition-2021-des-journees-citoyennes\/","title":{"rendered":"Le Groupe Sabc lance l\u2019\u00e9dition 2021 des journ\u00e9es citoyennes"},"content":{"rendered":"<p>Une fois de plus le groupe Sabc manifest\u00e9 son d\u00e9sir de vouloir am\u00e9liorer les conditions de vie de la population camerounaise. Le jeudi 15 avril 2021, le Directeur du groupe Emmanuel DE Tailly a proc\u00e9d\u00e9 dans la ville de Bamenda dans la r\u00e9gion du Nord-Ouest Cameroun \u00e0 la r\u00e9trocession d\u2019un forage d\u2019eau potable de 96 m\u00e8tres construit et \u00e9quip\u00e9 de panneaux solaires, la remise de 100 tables-bancs \u00e0 deux \u00e9tablissements scolaires, la remise d\u2019un important stock de fournitures et \u00e9quipements m\u00e9dicaux \u00e0 trois centres de sant\u00e9 et la remise de gel hydro-alcoolique, aux populations locales. Ceci en pr\u00e9sence du Pr\u00e9fet de la Mezam et du Maire de la ville.<\/p>\n<p><strong>Lire aussi<\/strong> : <strong><a href=\"https:\/\/ecomatin.net\/protection-de-lenvironnement-le-groupe-sabc-promeut-lutilisation-du-verre\/\">Protection de l\u2019environnement : le groupe Sabc promeut l\u2019utilisation du verre<\/a><\/strong><\/p>\n<p>Plus concr\u00e8tement, la donation remise \u00e9tait compos\u00e9e de 100 tables bancs, 11 kits de sant\u00e9 1ers secours contenant de\u00a0: l\u2019Ibuprof\u00e8ne, parac\u00e9tamol, artermether lumerfantrine, phloroglucinol, alcool, compresse, gants\u2026, 10 lits d\u2019hospitalisation + matelas, 10 berceaux + matelas, 2 microscopes, 2 tables d\u2019accouchement, des solutions hydro alcooliques + diffuseurs.<\/p>\n<p>Cette nouvelle action de l\u2019entreprise vient rejoindre les multiples autres d\u00e9j\u00e0 men\u00e9es. Notamment, la remise de 132 bourses scolaires offertes aux \u00e9l\u00e8ves de Mombo dans le Littoral, la r\u00e9novation des b\u00e2timents de la maternit\u00e9 et du bloc op\u00e9ratoire de l\u2019h\u00f4pital de Mbanga, la remise d\u2019une couveuse \u00e0 l\u2019H\u00f4pital Ad Lucem de Mbouda, la signature d\u2019une convention avec le GIC Terr\u2019Espoir pour la mise \u00e0 disposition de 6ha de terre pour l\u2019agriculture biologique etc.<\/p>\n<p><strong>Lire aussi :<\/strong> <strong><a href=\"https:\/\/ecomatin.net\/recyclage-deja-100-millions-de-bouteilles-collectees-par-le-groupe-sabc\/\">Recyclage : d\u00e9j\u00e0 100 millions de bouteilles collect\u00e9es par le groupe SABC<\/a><\/strong><\/p>\n<p><strong>Journ\u00e9es citoyennes<\/strong><\/p>\n<p>Cette m\u00eame journ\u00e9e a aussi \u00e9t\u00e9 l\u2019occasion pour l\u2019entreprise citoyenne de proc\u00e9der au lancement de l\u2019\u00e9dition 2021 de ses\u00a0 \u00ab\u00a0journ\u00e9es citoyennes\u00a0\u00bb. Mise sur pied depuis 2018, les journ\u00e9es citoyennes ont pour but\u00a0\u00a0de mener des\u00a0\u00a0travaux d\u2019int\u00e9r\u00eat g\u00e9n\u00e9ral au b\u00e9n\u00e9fice des populations locales; contribuer au quotidien \u00e0 l\u2019am\u00e9lioration des conditions de vie des populations, et surtout apporter du sourire, de l\u2019espoir, contribuer au bien-\u00eatre des populations. Avec pour slogan \u00abVous \u00eates au c\u0153ur de notre vie \u00bb, les journ\u00e9es citoyennes Sabc se d\u00e9clinent en 6 points\u00a0: \u00e9quiper en mat\u00e9riel m\u00e9dical et en m\u00e9dicaments les unit\u00e9s hospitali\u00e8res; encourager la performance \u00e0 l\u2019\u00e9cole par l\u2019octroi des bourses scolaires; promouvoir l\u2019hygi\u00e8ne et la salubrit\u00e9 en milieu scolaire; r\u00e9aliser des forages\/points d\u2019adduction d\u2019eau dans les villages, zones p\u00e9riph\u00e9riques; combattre la d\u00e9sertification par le reboisement; mener des travaux d\u2019int\u00e9r\u00eat g\u00e9n\u00e9ral au b\u00e9n\u00e9fice des populations locales.<\/p>\n<p><strong>Lire aussi<\/strong> : <strong><a href=\"https:\/\/ecomatin.net\/normalisation-les-usines-sabc-de-yaounde-obtiennent-la-certification-fssc22000\/\">Normalisation : les usines Sabc de Yaound\u00e9 obtiennent la certification FSSC22000<\/a><\/strong><\/p>\n<p>Auteur: EcoMatin<br \/>\n<a href=\"https:\/\/ecomatin.net\/le-groupe-sabc-lance-ledition-2021-des-journees-citoyennes\/\">Cliquez ici pour lire l&rsquo;article depuis sa source.<\/a><\/p>\n","protected":false},"excerpt":{"rendered":"<p>Une fois de plus le groupe Sabc manifest\u00e9 son d\u00e9sir de vouloir am\u00e9liorer les conditions de vie de la population camerounaise. Le jeudi 15 avril 2021, le Directeur du groupe Emmanuel DE Tailly a proc\u00e9d\u00e9 dans la ville de Bamenda dans la r\u00e9gion du Nord-Ouest Cameroun \u00e0 la r\u00e9trocession d\u2019un forage d\u2019eau potable de 96 [&hellip;]<\/p>\n","protected":false},"author":1969,"featured_media":0,"comment_status":"closed","ping_status":"closed","sticky":false,"template":"","format":"standard","meta":{"fifu_image_url":"","fifu_image_alt":"","footnotes":""},"categories":[82,78],"tags":[],"class_list":["post-115164","post","type-post","status-publish","format-standard","hentry","category-cameroun","category-economie"],"_links":{"self":[{"href":"https:\/\/linitiative.ca\/International\/wp-json\/wp\/v2\/posts\/115164","targetHints":{"allow":["GET"]}}],"collection":[{"href":"https:\/\/linitiative.ca\/International\/wp-json\/wp\/v2\/posts"}],"about":[{"href":"https:\/\/linitiative.ca\/International\/wp-json\/wp\/v2\/types\/post"}],"author":[{"embeddable":true,"href":"https:\/\/linitiative.ca\/International\/wp-json\/wp\/v2\/users\/1969"}],"replies":[{"embeddable":true,"href":"https:\/\/linitiative.ca\/International\/wp-json\/wp\/v2\/comments?post=115164"}],"version-history":[{"count":0,"href":"https:\/\/linitiative.ca\/International\/wp-json\/wp\/v2\/posts\/115164\/revisions"}],"wp:attachment":[{"href":"https:\/\/linitiative.ca\/International\/wp-json\/wp\/v2\/media?parent=115164"}],"wp:term":[{"taxonomy":"category","embeddable":true,"href":"https:\/\/linitiative.ca\/International\/wp-json\/wp\/v2\/categories?post=115164"},{"taxonomy":"post_tag","embeddable":true,"href":"https:\/\/linitiative.ca\/International\/wp-json\/wp\/v2\/tags?post=115164"}],"curies":[{"name":"wp","href":"https:\/\/api.w.org\/{rel}","templated":true}]}}