{"id":115165,"date":"2021-04-18T13:41:53","date_gmt":"2021-04-18T17:41:53","guid":{"rendered":"https:\/\/linitiative.ca\/International\/services-internet-mtn-cameroon-retrocede-ses-gros-clients-internet-a-camtel\/"},"modified":"2021-04-18T13:41:53","modified_gmt":"2021-04-18T17:41:53","slug":"services-internet-mtn-cameroon-retrocede-ses-gros-clients-internet-a-camtel","status":"publish","type":"post","link":"https:\/\/linitiative.ca\/International\/services-internet-mtn-cameroon-retrocede-ses-gros-clients-internet-a-camtel\/","title":{"rendered":"Services internet : MTN  Cameroon r\u00e9troc\u00e8de ses \u00ab gros clients internet \u00bb \u00e0 Camtel"},"content":{"rendered":"<p>S\u2019accorder \u00e0 des fins mutuellement b\u00e9n\u00e9fiques. C\u2019est sous\u00a0 la recommandation du ministre des Postes et T\u00e9l\u00e9communications (Minpostel), Minette Limbom Li Likeng, et des\u00a0n\u00e9gociations entre les op\u00e9rateurs \u00a0Camtel et MTN Cameroon que le protocole d\u2019accord, sign\u00e9 le 15 avril dernier,\u00a0\u00a0a vu le jour. Il\u00a0\u00a0s\u2019agit pour les deux op\u00e9rateurs de s\u2019accorder sur la gestion des gros clients internet encore appel\u00e9 \u00ab\u00a0wholesale\u00a0\u00bb. A travers le partenariat, MTN Cameroun va\u00a0\u00a0acqu\u00e9rir une bande internet aupr\u00e8s de Camtel, et la revendre \u00e0 des clients \u00e0 l\u2019\u00e9chelle internationale.\u00a0\u00a0De son c\u00f4t\u00e9, l\u2019op\u00e9rateur sud-africain va c\u00e9der\u00a0\u00a0son portefeuille de gros client internet \u00e0 Camtel. Ceci r\u00e9sulte des avanc\u00e9es en mati\u00e8re de\u00a0r\u00e9glementation,\u00a0la fourniture d\u2019internet \u00e9tant d\u00e9sormais\u00a0 du ressort \u00a0de l\u2019op\u00e9rateur historique des t\u00e9l\u00e9communications Camtel.\u00a0\u00ab MTN Cameroon se r\u00e9jouit du d\u00e9nouement heureux de ces \u00e9changes. Cela t\u00e9moigne de notre ferme attachement au respect de la r\u00e9glementation et notre volont\u00e9 historique de contribuer \u00e0 faire acc\u00e9l\u00e9rer la transformation digitale du pays et le d\u00e9veloppement du Cameroun en collaborant en toute franchise avec tous les acteurs publics et priv\u00e9s \u00bb, souligne le Directeur g\u00e9n\u00e9ral de MTN Cameroun Stephen Blewett.\u00a0<\/p>\n<p><strong>Lire aussi<\/strong> : <strong><strong><a href=\"https:\/\/ecomatin.net\/camtel-augmente-son-chiffre-daffaires-de-25-en-2020\/\">Camtel augmente son chiffre d\u2019affaires de 25% en 2020<\/a><\/strong><\/strong><\/p>\n<p>D\u2019apr\u00e8s le Minpostel, l\u2019activit\u00e9\u00a0 du \u00ab\u00a0wholesale\u00a0\u00bb, a pour objectif de valoriser les actifs r\u00e9seaux, en vendant la bande internet en gros, et en louant des infrastructures sur les r\u00e9seaux\u00a0 fixe (cuivre et fibre) et mobile.\u00a0 Cette activit\u00e9 va sans dire, renforcer la production de Camtel. \u00abCe protocole d\u2019accord vise \u00e0 mettre en ex\u00e9cution les conclusions des n\u00e9gociations entre MTN Cameroon et Camtel, relative \u00e0 la gestion des clients wholesale, en vue d\u2019une conformit\u00e9 des deux op\u00e9rateurs, au cadre r\u00e9glementaire en vigueur dans le domaine du transport, o\u00f9 seul Camtel \u00e0 date est d\u00e9tenteur d\u2019un titre\u00bb, souligne le ministre des Postes et T\u00e9l\u00e9communications\u00a0Minette Libom Li Likeng.<\/p>\n<p><strong>Lire aussi<\/strong> : <a href=\"https:\/\/ecomatin.net\/mtn-cameroun-se-deploie-a-la-fnac-de-douala\/\"><strong>MTN Cameroun se d\u00e9ploie \u00e0 la Fnac de Douala<\/strong><\/a><\/p>\n<p>Ayant tous deux\u00a0 une client\u00e8le diverse et vari\u00e9e, et\u00a0\u00a0dont les\u00a0 besoins en\u00a0 capacit\u00e9s internet sont de plus en plus grandissants, la convention sign\u00e9e, ouvre de nouvelles opportunit\u00e9s pour les deux structures et des parts de march\u00e9 certaines\u00a0 \u00e0 gagner tant \u00e0 \u00a0l\u2019\u00e9chelle nationale qu\u2019internationale.<\/p>\n<p>Auteur: Amina MALLOUM<br \/>\n<a href=\"https:\/\/ecomatin.net\/services-internet-mtn-cameroon-retrocedee-ses-gros-clients-internet-a-camtel\/\">Cliquez ici pour lire l&rsquo;article depuis sa source.<\/a><\/p>\n","protected":false},"excerpt":{"rendered":"<p>S\u2019accorder \u00e0 des fins mutuellement b\u00e9n\u00e9fiques. C\u2019est sous\u00a0 la recommandation du ministre des Postes et T\u00e9l\u00e9communications (Minpostel), Minette Limbom Li Likeng, et des\u00a0n\u00e9gociations entre les op\u00e9rateurs \u00a0Camtel et MTN Cameroon que le protocole d\u2019accord, sign\u00e9 le 15 avril dernier,\u00a0\u00a0a vu le jour. Il\u00a0\u00a0s\u2019agit pour les deux op\u00e9rateurs de s\u2019accorder sur la gestion des gros clients [&hellip;]<\/p>\n","protected":false},"author":1969,"featured_media":0,"comment_status":"closed","ping_status":"closed","sticky":false,"template":"","format":"standard","meta":{"fifu_image_url":"","fifu_image_alt":"","footnotes":""},"categories":[82,78],"tags":[],"class_list":["post-115165","post","type-post","status-publish","format-standard","hentry","category-cameroun","category-economie"],"_links":{"self":[{"href":"https:\/\/linitiative.ca\/International\/wp-json\/wp\/v2\/posts\/115165","targetHints":{"allow":["GET"]}}],"collection":[{"href":"https:\/\/linitiative.ca\/International\/wp-json\/wp\/v2\/posts"}],"about":[{"href":"https:\/\/linitiative.ca\/International\/wp-json\/wp\/v2\/types\/post"}],"author":[{"embeddable":true,"href":"https:\/\/linitiative.ca\/International\/wp-json\/wp\/v2\/users\/1969"}],"replies":[{"embeddable":true,"href":"https:\/\/linitiative.ca\/International\/wp-json\/wp\/v2\/comments?post=115165"}],"version-history":[{"count":0,"href":"https:\/\/linitiative.ca\/International\/wp-json\/wp\/v2\/posts\/115165\/revisions"}],"wp:attachment":[{"href":"https:\/\/linitiative.ca\/International\/wp-json\/wp\/v2\/media?parent=115165"}],"wp:term":[{"taxonomy":"category","embeddable":true,"href":"https:\/\/linitiative.ca\/International\/wp-json\/wp\/v2\/categories?post=115165"},{"taxonomy":"post_tag","embeddable":true,"href":"https:\/\/linitiative.ca\/International\/wp-json\/wp\/v2\/tags?post=115165"}],"curies":[{"name":"wp","href":"https:\/\/api.w.org\/{rel}","templated":true}]}}