{"id":115167,"date":"2021-04-19T10:16:28","date_gmt":"2021-04-19T14:16:28","guid":{"rendered":"https:\/\/linitiative.ca\/International\/jeudis-cinema-droits-humains-projection-virtuelle-du-film-avant-le-declin-du-jour-de-ali-essafi\/"},"modified":"2021-04-19T10:16:28","modified_gmt":"2021-04-19T14:16:28","slug":"jeudis-cinema-droits-humains-projection-virtuelle-du-film-avant-le-declin-du-jour-de-ali-essafi","status":"publish","type":"post","link":"https:\/\/linitiative.ca\/International\/jeudis-cinema-droits-humains-projection-virtuelle-du-film-avant-le-declin-du-jour-de-ali-essafi\/","title":{"rendered":"Jeudis cin\u00e9ma droits humains : Projection virtuelle du film \u00abAvant le d\u00e9clin du jour\u00bb de Ali Essafi"},"content":{"rendered":"<header>\n<div class=\"entry-post-meta\">\n<div class=\"author-link\">Publi\u00e9 par <a itemprop=\"author\" itemscope=\"itemscope\" itemtype=\"https:\/\/schema.org\/Person\" href=\"https:\/\/aujourdhui.ma\/author\/blio\" rel=\"author\"><span itemprop=\"name\">ALM<\/span><\/a><\/div>\n<p>Date\u00a0:<time content=\"2021-04-19T14:16:28+00:00\" class=\"entry-date updated\" datetime=\"2021-04-19T14:16:28+00:00\">avril 19, 2021<\/time><\/p>\n<div class=\"entry-cat\">dans:<a href=\"https:\/\/aujourdhui.ma\/category\/culture\" rel=\"category tag\">Culture<\/a><\/div>\n<p>19Vues<\/p>\n<\/div>\n<\/header>\n<div class=\"entry-content clearfix\" readability=\"53\">\n<figure class=\"post-thumbnail\" itemprop=\"associatedMedia\" itemscope=\"itemscope\" itemtype=\"http:\/\/schema.org\/ImageObject\"><img decoding=\"async\" class=\"post_layout_5_img\" src=\"http:\/\/aujourdhui.ma\/wp-content\/uploads\/2021\/04\/Ali-Essafi-ARMCDh-.jpg\" alt=\"Jeudis cin\u00e9ma droits humains : Projection virtuelle du film \u00abAvant le d\u00e9clin du jour\u00bb de Ali Essafi\"\/><\/figure>\n<p><strong>L\u2019Association des rencontres m\u00e9diterran\u00e9enne cin\u00e9ma droits de l\u2019Homme (ARMCDH), organise dans le cadre des Jeudis cin\u00e9ma droits humains du mois d\u2019avril 2021, la projection virtuelle du dernier long m\u00e9trage documentaire \u00abAvant le d\u00e9clin du jour\u00bb, de Ali Essafi, et ce du jeudi 29 avril au jeudi 6 mai 2021.<\/strong><span id=\"more-374206\"\/><\/p>\n<p>A noter que cette oeuvre est un film d\u2019archives exp\u00e9rimental qui exhume la cr\u00e9ativit\u00e9 artistique marginalis\u00e9e de la premi\u00e8re g\u00e9n\u00e9ration d\u2019artistes au Maroc. \u00abAu Maroc, \u00e0 la fin des ann\u00e9es 1960, une g\u00e9n\u00e9ration grandie avec l\u2019ind\u00e9pendance cherche \u00e0 inventer de nouvelles formes d\u2019expression, en \u00e9cho \u00e0 la contestation ouvri\u00e8re et estudiantine qui prend forme dans les villes, et aux revendications du tiers-mondisme et du Black Power. Art, subjectivit\u00e9, \u00e9mancipation\u2026Ce bref \u00e2ge d\u2019or va susciter une r\u00e9pression impitoyable, ainsi que l\u2019interdiction ou la marginalisation de beaucoup d\u2019oeuvres et de leurs auteurs. Ainsi \u00abAvant le d\u00e9clin du jour\u00bb, exhume une partie de cette production et tente d\u2019en restituer l\u2019esprit et la trajectoire\u00bb, peut -on lire dans une note d\u2019information.<\/p>\n<\/div>\n<p>Auteur: ALM<br \/>\n<a href=\"https:\/\/aujourdhui.ma\/culture\/jeudis-cinema-droits-humains-projection-virtuelle-du-film-avant-le-declin-du-jour-de-ali-essafi\">Cliquez ici pour lire l&rsquo;article depuis sa source.<\/a><\/p>\n","protected":false},"excerpt":{"rendered":"<p>Publi\u00e9 par ALM Date\u00a0:avril 19, 2021 dans:Culture 19Vues L\u2019Association des rencontres m\u00e9diterran\u00e9enne cin\u00e9ma droits de l\u2019Homme (ARMCDH), organise dans le cadre des Jeudis cin\u00e9ma droits humains du mois d\u2019avril 2021, la projection virtuelle du dernier long m\u00e9trage documentaire \u00abAvant le d\u00e9clin du jour\u00bb, de Ali Essafi, et ce du jeudi 29 avril au jeudi 6 [&hellip;]<\/p>\n","protected":false},"author":1759,"featured_media":0,"comment_status":"closed","ping_status":"closed","sticky":false,"template":"","format":"standard","meta":{"fifu_image_url":"http:\/\/aujourdhui.ma\/wp-content\/uploads\/2021\/04\/Ali-Essafi-ARMCDh-.jpg","fifu_image_alt":"Jeudis cin\u00e9ma droits humains : Projection virtuelle du film \u00abAvant le d\u00e9clin du jour\u00bb de Ali Essafi","footnotes":""},"categories":[73,54],"tags":[],"class_list":["post-115167","post","type-post","status-publish","format-standard","hentry","category-actualite","category-maroc"],"_links":{"self":[{"href":"https:\/\/linitiative.ca\/International\/wp-json\/wp\/v2\/posts\/115167","targetHints":{"allow":["GET"]}}],"collection":[{"href":"https:\/\/linitiative.ca\/International\/wp-json\/wp\/v2\/posts"}],"about":[{"href":"https:\/\/linitiative.ca\/International\/wp-json\/wp\/v2\/types\/post"}],"author":[{"embeddable":true,"href":"https:\/\/linitiative.ca\/International\/wp-json\/wp\/v2\/users\/1759"}],"replies":[{"embeddable":true,"href":"https:\/\/linitiative.ca\/International\/wp-json\/wp\/v2\/comments?post=115167"}],"version-history":[{"count":0,"href":"https:\/\/linitiative.ca\/International\/wp-json\/wp\/v2\/posts\/115167\/revisions"}],"wp:attachment":[{"href":"https:\/\/linitiative.ca\/International\/wp-json\/wp\/v2\/media?parent=115167"}],"wp:term":[{"taxonomy":"category","embeddable":true,"href":"https:\/\/linitiative.ca\/International\/wp-json\/wp\/v2\/categories?post=115167"},{"taxonomy":"post_tag","embeddable":true,"href":"https:\/\/linitiative.ca\/International\/wp-json\/wp\/v2\/tags?post=115167"}],"curies":[{"name":"wp","href":"https:\/\/api.w.org\/{rel}","templated":true}]}}