{"id":115168,"date":"2021-04-19T10:43:18","date_gmt":"2021-04-19T14:43:18","guid":{"rendered":"https:\/\/linitiative.ca\/International\/2020-annee-la-plus-chaude-jamais-enregistree-au-maroc\/"},"modified":"2021-04-19T10:43:18","modified_gmt":"2021-04-19T14:43:18","slug":"2020-annee-la-plus-chaude-jamais-enregistree-au-maroc","status":"publish","type":"post","link":"https:\/\/linitiative.ca\/International\/2020-annee-la-plus-chaude-jamais-enregistree-au-maroc\/","title":{"rendered":"2020, ann\u00e9e la plus chaude jamais enregistr\u00e9e au Maroc"},"content":{"rendered":"<header>\n<\/header>\n<div class=\"entry-content clearfix\" readability=\"62\">\n<figure class=\"post-thumbnail\" itemprop=\"associatedMedia\" itemscope=\"itemscope\" itemtype=\"http:\/\/schema.org\/ImageObject\"><img decoding=\"async\" class=\"post_layout_5_img\" src=\"https:\/\/aujourdhui.ma\/wp-content\/uploads\/2020\/07\/temperature.jpg\" alt=\"2020, ann\u00e9e la plus chaude jamais enregistr\u00e9e au Maroc\"\/><\/figure>\n<p><span class=\"c7\"><strong>L\u2019ann\u00e9e 2020 a \u00e9t\u00e9 la plus chaude jamais enregistr\u00e9e au Maroc devant respectivement 2017 et 2010, indique Lundi la Direction g\u00e9n\u00e9rale de la M\u00e9t\u00e9orologie.<\/strong><\/span><br \/><span id=\"more-374227\"\/><\/p>\n<p>L\u2019ann\u00e9e 2020 est l\u2019ann\u00e9e la plus chaude jamais enregistr\u00e9e au Maroc devant respectivement 2017 et 2010, avec une anomalie de temp\u00e9rature moyenne annuelle nationale de +1,4\u00b0C par rapport \u00e0 la normale climatologique sur la p\u00e9riode 1981-2010, pr\u00e9cise la Direction dans un communiqu\u00e9 relatif \u00e0 la \u00ab\u00a0synth\u00e8se du climat au Maroc en 2020\u2019\u2019.<\/p>\n<p>Le climat du Maroc en 2020 a \u00e9t\u00e9 marqu\u00e9 par des temp\u00e9ratures minimales et maximales annuelles anormalement chaudes et par un d\u00e9ficit pluviom\u00e9trique presque g\u00e9n\u00e9ralis\u00e9 sur l\u2019ensemble du territoire.<br \/>Le Maroc a connu un mois de f\u00e9vrier tr\u00e8s sec et doux et un mois de juillet remarquablement chaud avec des records de temp\u00e9ratures minimales et maximales mensuelles battus sur plusieurs villes.<\/p>\n<p>C\u2019est ainsi qu\u2019\u00e0 F\u00e8s, deux nouveaux records de temp\u00e9rature maximale mensuelle de 23,78\u00b0C en F\u00e9vrier et de 40,4\u00b0C en Juillet ont \u00e9t\u00e9 enregistr\u00e9s d\u00e9passant les anciens records respectivement de 2,24\u00b0C et de 2,15\u00b0C.<\/p>\n<p>A Mohammedia, un nouveau record de la temp\u00e9rature minimale mensuelle de 22,28\u00b0C, a \u00e9t\u00e9 enregistr\u00e9 en f\u00e9vrier.<\/p>\n<\/div>\n<p>Auteur: ALM<br \/>\n<a href=\"https:\/\/aujourdhui.ma\/actualite\/2020-annee-la-plus-chaude-jamais-enregistree-au-maroc\">Cliquez ici pour lire l&rsquo;article depuis sa source.<\/a><\/p>\n","protected":false},"excerpt":{"rendered":"<p>L\u2019ann\u00e9e 2020 a \u00e9t\u00e9 la plus chaude jamais enregistr\u00e9e au Maroc devant respectivement 2017 et 2010, indique Lundi la Direction g\u00e9n\u00e9rale de la M\u00e9t\u00e9orologie. L\u2019ann\u00e9e 2020 est l\u2019ann\u00e9e la plus chaude jamais enregistr\u00e9e au Maroc devant respectivement 2017 et 2010, avec une anomalie de temp\u00e9rature moyenne annuelle nationale de +1,4\u00b0C par rapport \u00e0 la normale [&hellip;]<\/p>\n","protected":false},"author":1759,"featured_media":0,"comment_status":"closed","ping_status":"closed","sticky":false,"template":"","format":"standard","meta":{"fifu_image_url":"https:\/\/aujourdhui.ma\/wp-content\/uploads\/2020\/07\/temperature.jpg","fifu_image_alt":"2020, ann\u00e9e la plus chaude jamais enregistr\u00e9e au Maroc","footnotes":""},"categories":[73,54],"tags":[],"class_list":["post-115168","post","type-post","status-publish","format-standard","hentry","category-actualite","category-maroc"],"_links":{"self":[{"href":"https:\/\/linitiative.ca\/International\/wp-json\/wp\/v2\/posts\/115168","targetHints":{"allow":["GET"]}}],"collection":[{"href":"https:\/\/linitiative.ca\/International\/wp-json\/wp\/v2\/posts"}],"about":[{"href":"https:\/\/linitiative.ca\/International\/wp-json\/wp\/v2\/types\/post"}],"author":[{"embeddable":true,"href":"https:\/\/linitiative.ca\/International\/wp-json\/wp\/v2\/users\/1759"}],"replies":[{"embeddable":true,"href":"https:\/\/linitiative.ca\/International\/wp-json\/wp\/v2\/comments?post=115168"}],"version-history":[{"count":0,"href":"https:\/\/linitiative.ca\/International\/wp-json\/wp\/v2\/posts\/115168\/revisions"}],"wp:attachment":[{"href":"https:\/\/linitiative.ca\/International\/wp-json\/wp\/v2\/media?parent=115168"}],"wp:term":[{"taxonomy":"category","embeddable":true,"href":"https:\/\/linitiative.ca\/International\/wp-json\/wp\/v2\/categories?post=115168"},{"taxonomy":"post_tag","embeddable":true,"href":"https:\/\/linitiative.ca\/International\/wp-json\/wp\/v2\/tags?post=115168"}],"curies":[{"name":"wp","href":"https:\/\/api.w.org\/{rel}","templated":true}]}}