{"id":115171,"date":"2021-04-18T14:00:52","date_gmt":"2021-04-18T18:00:52","guid":{"rendered":"https:\/\/linitiative.ca\/International\/%ef%bb%bfa-cheval-entre-passes-complexes-et-futurs-divers\/"},"modified":"2021-04-18T14:00:52","modified_gmt":"2021-04-18T18:00:52","slug":"%ef%bb%bfa-cheval-entre-passes-complexes-et-futurs-divers","status":"publish","type":"post","link":"https:\/\/linitiative.ca\/International\/%ef%bb%bfa-cheval-entre-passes-complexes-et-futurs-divers\/","title":{"rendered":"\ufeffA cheval entre \u00abpass\u00e9s complexes\u00bb et \u00abfuturs divers\u00bb"},"content":{"rendered":"<p class=\"has-text-color has-vivid-red-color c1\"><strong>Journ\u00e9e internationale des monuments<\/strong><\/p>\n<p class=\"c2\"><strong>Par Sofia El Aouni (MAP)<\/strong><\/p>\n<p class=\"has-text-color c3\"><strong>La Journ\u00e9e internationale des monuments et des sites, c\u00e9l\u00e9br\u00e9e le 18 avril, offre l\u2019opportunit\u00e9 d\u2019explorer le patrimoine culturel de l\u2019humanit\u00e9 et sensibiliser les communaut\u00e9s locales \u00e0 son importance et au besoin pressant de le mettre en valeur.<\/strong><\/p>\n<p>Pour ce 40\u00e8 anniversaire c\u00e9l\u00e9br\u00e9 dans un contexte particulier de crise sanitaire g\u00e9n\u00e9ralis\u00e9e, le Conseil international des monuments et des sites (ICOMOS) a retenu comme th\u00e8me \u00abpass\u00e9s complexes, futurs divers\u00bb, tr\u00e8s significatif tant le monde a besoin aujourd\u2019hui plus que jamais de se projeter vers un avenir prometteur, tout en gardant un \u0153il sur un pass\u00e9 assez complexe. Au Maroc, pr\u00e9cis\u00e9ment, la riche architecture portant la trace de maintes civilisations ne manque ni de beaut\u00e9 ni de vari\u00e9t\u00e9.<\/p>\n<p>Murailles fortifi\u00e9es, m\u00e9dinas, minarets, portes monumentales ou encore ksar et kasbahs, ces monuments et sites constituent une cheville ouvri\u00e8re de l\u2019identit\u00e9 du Royaume, qui ne m\u00e9nage aucun effort pour mettre en relief ses \u00abmille et un tr\u00e9sors\u00bb.<\/p>\n<p>La m\u00e9dina de T\u00e9touan (ancienne Titawin) figure sur la liste du patrimoine, au c\u00f4t\u00e9 de Rabat, moderne et historique, choisie comme ville lumi\u00e8re et capitale culturelle du Maroc.<\/p>\n<p>Sont inscrits \u00e9galement la ville d\u2019El Jadida (Mazagan), le site arch\u00e9ologique de Volubilis, exemple exceptionnellement bien pr\u00e9serv\u00e9 d\u2019une grande ville coloniale romaine. La m\u00e9dina de F\u00e8s, mod\u00e8le de cit\u00e9 islamique prot\u00e9g\u00e9e, figure aussi dans la liste du patrimoine mondial, au c\u00f4t\u00e9 de la m\u00e9dina de Marrakech, Ksar d\u2019Ait-Ben-Haddou. La m\u00e9dina d\u2019Essaouira, Mogador, exemple remarquable et bien pr\u00e9serv\u00e9 de ville portuaire fortifi\u00e9e de la fin du XVIIIe si\u00e8cle et la ville historique de Mekn\u00e8s.<\/p>\n<p>L\u2019inscription de la capitale de Moulay Isma\u00efl dans la liste du patrimoine mondial a \u00e9t\u00e9 salu\u00e9 par le comit\u00e9 charg\u00e9 d\u2019inscrire le bien propos\u00e9, qui s\u2019est r\u00e9jouit de l\u2019inscription de cette ville, \u201crenfor\u00e7ant ainsi la coh\u00e9rence de la s\u00e9rie des m\u00e9dinas du Maghreb\u00bb. Ceci d\u00e9montre le grand effort d\u00e9ploy\u00e9 par le gouvernement marocain dans la pr\u00e9servation des sites et monuments, en veillant \u00e0 ce qu\u2019ils conservent leur caract\u00e8re exceptionnel notamment en prot\u00e9geant les fa\u00e7ades des m\u00e9dinas ainsi que les abords.<\/p>\n<p>C\u2019est ainsi qu\u2019un nouveau projet a vu le jour, visant \u00e0 inscrire les Iguidar (sg.agadir) ou Ighermane (sg.ighrem) traduits commun\u00e9ment par Greniers Collectifs, au patrimoine mondial de l\u2019UNESCO. Sur le site du minist\u00e8re de la Culture, le document du projet explique \u00e0 cet \u00e9gard que le domaine des Iguidar a perdur\u00e9 au Maroc en conservant son authenticit\u00e9.<\/p>\n<p>Avec 554 \u00e9difices recens\u00e9s sur l\u2019ensemble du territoire national, ces \u00e9l\u00e9ments identitaires saillants \u201cm\u00e9ritent une attention particuli\u00e8re pour les prot\u00e9ger et les promouvoir davantage afin de les \u00e9riger en patrimoine universel reconnu par l\u2019UNESCO\u201d, rel\u00e8ve-t-on.<\/p>\n<p>Cependant, malgr\u00e9 ces avanc\u00e9es en mati\u00e8re de protection et de promotion de cet h\u00e9ritage culturel, la r\u00e9alit\u00e9 mondiale des monuments et des sites historiques et culturels semble ondoyante. Cette mutation constante, selon le professeur de droit \u00e0 l\u2019universit\u00e9 de Limoges, Michel Prieur, r\u00e9sulte \u201c\u00e0 la fois du fait d\u2019\u00e9volutions propres \u00e0 ce patrimoine (\u2026pression du tourisme culturel, co\u00fbts des travaux d\u2019entretien et de restauration) et du fait d\u2019\u00e9v\u00e9nements ext\u00e9rieurs tels que la d\u00e9centralisation en marche\u201d.<\/p>\n<p>\u201cAvec la Convention de Paris de 1972 sur le patrimoine mondial naturel et culturel, une approche nouvelle des monuments est apparue\u2026la protection des monuments remarquables est d\u00e9sormais mondialement admis\u201d, a soulign\u00e9 M. Prieur dans son introduction du livre \u201cLes monuments historiques, un nouvel enjeu?\u201d, paru aux \u00e9ditions L\u2019Harmattan. Suivant cette nouvelle donne, le 11\u00e9me Objectif de d\u00e9veloppement durable (ODD), Villes et communaut\u00e9s durables, a inclu dans son 4\u00e9me point, le renforcement des efforts de protection et de pr\u00e9servation du patrimoine culturel et naturel mondial.<\/p>\n<p>N\u00e9anmoins, la reconsid\u00e9ration de la place que les monuments historiques occupent est d\u00e9sormais devenue une n\u00e9cessit\u00e9 au vu de l\u2019int\u00e9r\u00eat qui d\u00e9passe les consid\u00e9rations locales et nationales. Il est ainsi devenu essentiel de reconna\u00eetre et consacrer le patrimoine culturel notamment les monuments et sites historiques, comme une valeur fondamentale et lui donner une place centrale au niveau des politiques publiques.<\/p>\n<p>Auteur: M&rsquo;hammed rahal<br \/>\n<a href=\"http:\/\/albayane.press.ma\/%EF%BB%BFa-cheval-entre-passes-complexes-et-futurs-divers.html\">Cliquez ici pour lire l&rsquo;article depuis sa source.<\/a><\/p>\n","protected":false},"excerpt":{"rendered":"<p>Journ\u00e9e internationale des monuments Par Sofia El Aouni (MAP) La Journ\u00e9e internationale des monuments et des sites, c\u00e9l\u00e9br\u00e9e le 18 avril, offre l\u2019opportunit\u00e9 d\u2019explorer le patrimoine culturel de l\u2019humanit\u00e9 et sensibiliser les communaut\u00e9s locales \u00e0 son importance et au besoin pressant de le mettre en valeur. Pour ce 40\u00e8 anniversaire c\u00e9l\u00e9br\u00e9 dans un contexte particulier [&hellip;]<\/p>\n","protected":false},"author":1760,"featured_media":0,"comment_status":"closed","ping_status":"closed","sticky":false,"template":"","format":"standard","meta":{"fifu_image_url":"","fifu_image_alt":"","footnotes":""},"categories":[73,54],"tags":[],"class_list":["post-115171","post","type-post","status-publish","format-standard","hentry","category-actualite","category-maroc"],"_links":{"self":[{"href":"https:\/\/linitiative.ca\/International\/wp-json\/wp\/v2\/posts\/115171","targetHints":{"allow":["GET"]}}],"collection":[{"href":"https:\/\/linitiative.ca\/International\/wp-json\/wp\/v2\/posts"}],"about":[{"href":"https:\/\/linitiative.ca\/International\/wp-json\/wp\/v2\/types\/post"}],"author":[{"embeddable":true,"href":"https:\/\/linitiative.ca\/International\/wp-json\/wp\/v2\/users\/1760"}],"replies":[{"embeddable":true,"href":"https:\/\/linitiative.ca\/International\/wp-json\/wp\/v2\/comments?post=115171"}],"version-history":[{"count":0,"href":"https:\/\/linitiative.ca\/International\/wp-json\/wp\/v2\/posts\/115171\/revisions"}],"wp:attachment":[{"href":"https:\/\/linitiative.ca\/International\/wp-json\/wp\/v2\/media?parent=115171"}],"wp:term":[{"taxonomy":"category","embeddable":true,"href":"https:\/\/linitiative.ca\/International\/wp-json\/wp\/v2\/categories?post=115171"},{"taxonomy":"post_tag","embeddable":true,"href":"https:\/\/linitiative.ca\/International\/wp-json\/wp\/v2\/tags?post=115171"}],"curies":[{"name":"wp","href":"https:\/\/api.w.org\/{rel}","templated":true}]}}