{"id":115173,"date":"2021-04-18T14:00:55","date_gmt":"2021-04-18T18:00:55","guid":{"rendered":"https:\/\/linitiative.ca\/International\/un-an-apres-la-pandemie-dicte-toujours-sa-loi\/"},"modified":"2021-04-18T14:00:55","modified_gmt":"2021-04-18T18:00:55","slug":"un-an-apres-la-pandemie-dicte-toujours-sa-loi","status":"publish","type":"post","link":"https:\/\/linitiative.ca\/International\/un-an-apres-la-pandemie-dicte-toujours-sa-loi\/","title":{"rendered":"Un an apr\u00e8s, la pand\u00e9mie dicte toujours sa loi"},"content":{"rendered":"<p class=\"c1\"><strong>Par Khadija TAHIRI (MAP)<\/strong><\/p>\n<p class=\"has-text-color has-vivid-cyan-blue-color\"><em><strong>Plus d\u2019un an apr\u00e8s son d\u00e9clenchement au Maroc, la pand\u00e9mie de Covid-19 impose toujours son diktat sur les coutumes et habitudes ramadanesques des Marocains qui, le c\u0153ur serr\u00e9, ont pli\u00e9 face \u00e0 la temp\u00eate, mais sans pour autant renoncer \u00e0 l\u2019essentiel.<\/strong><\/em><\/p>\n<p>En effet, pour la deuxi\u00e8me ann\u00e9e cons\u00e9cutive, l\u2019ambiance ramadanesque est orage des dispositions de l\u2019\u00e9tat d\u2019urgence sanitaire et en particulier le couvre-feu nocturne.<\/p>\n<p>Cette d\u00e9cision, bien qu\u2019elle soit impos\u00e9e par la situation \u00e9pid\u00e9miologique de plus en plus inqui\u00e9tante, a fortement impact\u00e9 certaines constantes de ce mois sacr\u00e9, comme les pratiques religieuses et certaines habitudes culturelles, artistiques et sociales.<\/p>\n<p>Forte heureusement, les odeurs all\u00e9chantes des \u00e9pices, des g\u00e2teaux et des cr\u00eapes, perdues l\u2019ann\u00e9e derni\u00e8re \u00e0 cause du confinement obligatoire, se r\u00e9pandent dans chaque recoin, annon\u00e7ant l\u2019arriv\u00e9e du mois sacr\u00e9. Contrairement \u00e0 l\u2019an dernier, les souks, les march\u00e9s et les rues commer\u00e7antes ont \u00e9t\u00e9 envahis, bien avant l\u2019arriv\u00e9 de ramadan, par les clients en qu\u00eate d\u2019ingr\u00e9dients et des besoins des plats et surtout en qu\u00eate de retrouvailles avec de ch\u00e8res traditions ancestrales.<\/p>\n<p>Ouafae, employ\u00e9e dans un commerce, ne cache pas sa joie de l\u2019arriv\u00e9e du mois sacr\u00e9. Dans une d\u00e9claration \u00e0 la MAP, elle confie qu\u2019elle s\u2019affaire pour la premi\u00e8re fois \u00e0 pr\u00e9parer la fameuse Chebbakia chez elle, en plus des g\u00e2teux sal\u00e9s et les autres recettes ramadanesques, expliquant que la peur et l\u2019angoisse qui ont marqu\u00e9 Ramadan dernier se sont dissip\u00e9es cette ann\u00e9e, bien que l\u2019\u00e9radication de la pand\u00e9mie n\u2019est toujours pas chose faite.<\/p>\n<p>\u201cLe confinement impos\u00e9 l\u2019ann\u00e9e derni\u00e8re et l\u2019enseignement distanciel nous ont fortement impact\u00e9 sur les plans psychologique et social, ce qui nous a emp\u00each\u00e9 de savourer ce mois sacr\u00e9\u201d, a-t-elle d\u00e9clar\u00e9, notant que cette ann\u00e9e, malgr\u00e9 le couvre-feu nocturne, la vie semble presque normale la journ\u00e9e, \u00e0 l\u2019exception de certaines mesures restrictives comme les gestes barri\u00e8res.<\/p>\n<p>\u201cD\u00e9sormais, nous redoutons plus la poursuite des restrictions que le virus lui-m\u00eame\u201d, ironise-t-elle, regrettant l\u2019impossibilit\u00e9 de faire les pri\u00e8res de \u201cTarawih\u201d \u00e0 cause de la fermeture des mosqu\u00e9es le soir.<\/p>\n<p><strong>Les Tarawih.. toujours \u00e0 domicile<\/strong><\/p>\n<p>Pour la deuxi\u00e8me ann\u00e9e cons\u00e9cutive, les fid\u00e8les se trouvent oblig\u00e9s de faire les pri\u00e8res d\u2019Al Ishae, des Tarawhis et d\u2019Al Fajr \u00e0 domicile plut\u00f4t que dans les mosqu\u00e9es. Une situation qui n\u2019a pas manqu\u00e9 de d\u00e9clencher une pol\u00e9mique, du moins, sur les r\u00e9seaux sociaux. De nombreux internautes ont exprim\u00e9 leur d\u00e9ception de ne pas pouvoir accomplir ces rites \u00e0 forte charge symbolique durant ce mois dans les mosqu\u00e9es, appelant le gouvernement \u00e0 ouvrir les \u00e9difices religieux.<\/p>\n<p>\u201cPourquoi les usines, les march\u00e9s et les bus sont bond\u00e9s de monde durant toute la journ\u00e9e, alors qu\u2019on nous emp\u00eache de se rendre dans les mosqu\u00e9es pour une petite heure\u201d, s\u2019indigne un internaute, faisant remarquer que la plupart des pays musulmans ont maintenu les Tarawihs dans le but de pr\u00e9server le mental des populations.<\/p>\n<p>D\u2019autres publications, ont plut\u00f4t opt\u00e9 pour la s\u00e9curit\u00e9 et la pr\u00e9vention, de peur de refaire la m\u00eame erreur de l\u2019A\u00efd Al Adha de l\u2019ann\u00e9e derni\u00e8re.<\/p>\n<p><strong>Des habitudes report\u00e9es jusqu\u2019\u00e0 nouvel ordre<\/strong><\/p>\n<p>Pour les caf\u00e9s et restaurants, d\u00e9j\u00e0 en crise depuis plus d\u2019une ann\u00e9e, l\u2019interdiction des d\u00e9placements nocturnes pendant le Ramadan est venue enfoncer le clou. D\u00e9j\u00e0 habitu\u00e9s \u00e0 fermer durant les journ\u00e9es de ce mois, ils arrivaient plut\u00f4t \u00e0 fonctionner tant bien que mal apr\u00e8s le Ftour.<\/p>\n<p>Les internautes se sont \u00e9galement empar\u00e9s de cette question, lan\u00e7ant de vastes campagnes de solidarit\u00e9 avec les employ\u00e9s des caf\u00e9s et restaurants qui auront \u00e0 vivre ce mois sans ressources.<\/p>\n<p>D\u2019autre part, les op\u00e9rations \u201cIftar\u201d collectifs qui marquent ce mois sacr\u00e9 manquent aussi \u00e0 l\u2019appel. Si la plupart des Marocains pr\u00e9f\u00e8rent rompre les jeunes dans leurs domiciles, la pr\u00e9carit\u00e9 et les besoins forcent une frange de la population \u00e0 trouver refuge dans ces buffets organis\u00e9s tout au long de Ramadan, au sein des mosqu\u00e9es et dans les quartiers, par les organisations de la soci\u00e9t\u00e9 civile.<\/p>\n<p>Certes, l\u2019interdiction des d\u00e9placements nocturnes pendant le mois sacr\u00e9 de Ramadan a chamboul\u00e9 les habitudes culinaires, spirituelles et sociales des Marocains. En revanche, elle pr\u00e9sente l\u2019occasion d\u2019une renaissance des valeurs religieuses, sociales et solidaires et une opportunit\u00e9 pour valoriser les initiatives de la soci\u00e9t\u00e9 civile dans ce domaine, visant \u00e0 venir en aide aux cat\u00e9gories pr\u00e9caires.<\/p>\n<p>Auteur: M&rsquo;hammed rahal<br \/>\n<a href=\"http:\/\/albayane.press.ma\/un-an-apres-la-pandemie-dicte-toujours-sa-loi.html\">Cliquez ici pour lire l&rsquo;article depuis sa source.<\/a><\/p>\n","protected":false},"excerpt":{"rendered":"<p>Par Khadija TAHIRI (MAP) Plus d\u2019un an apr\u00e8s son d\u00e9clenchement au Maroc, la pand\u00e9mie de Covid-19 impose toujours son diktat sur les coutumes et habitudes ramadanesques des Marocains qui, le c\u0153ur serr\u00e9, ont pli\u00e9 face \u00e0 la temp\u00eate, mais sans pour autant renoncer \u00e0 l\u2019essentiel. En effet, pour la deuxi\u00e8me ann\u00e9e cons\u00e9cutive, l\u2019ambiance ramadanesque est [&hellip;]<\/p>\n","protected":false},"author":1760,"featured_media":0,"comment_status":"closed","ping_status":"closed","sticky":false,"template":"","format":"standard","meta":{"fifu_image_url":"","fifu_image_alt":"","footnotes":""},"categories":[73,54],"tags":[],"class_list":["post-115173","post","type-post","status-publish","format-standard","hentry","category-actualite","category-maroc"],"_links":{"self":[{"href":"https:\/\/linitiative.ca\/International\/wp-json\/wp\/v2\/posts\/115173","targetHints":{"allow":["GET"]}}],"collection":[{"href":"https:\/\/linitiative.ca\/International\/wp-json\/wp\/v2\/posts"}],"about":[{"href":"https:\/\/linitiative.ca\/International\/wp-json\/wp\/v2\/types\/post"}],"author":[{"embeddable":true,"href":"https:\/\/linitiative.ca\/International\/wp-json\/wp\/v2\/users\/1760"}],"replies":[{"embeddable":true,"href":"https:\/\/linitiative.ca\/International\/wp-json\/wp\/v2\/comments?post=115173"}],"version-history":[{"count":0,"href":"https:\/\/linitiative.ca\/International\/wp-json\/wp\/v2\/posts\/115173\/revisions"}],"wp:attachment":[{"href":"https:\/\/linitiative.ca\/International\/wp-json\/wp\/v2\/media?parent=115173"}],"wp:term":[{"taxonomy":"category","embeddable":true,"href":"https:\/\/linitiative.ca\/International\/wp-json\/wp\/v2\/categories?post=115173"},{"taxonomy":"post_tag","embeddable":true,"href":"https:\/\/linitiative.ca\/International\/wp-json\/wp\/v2\/tags?post=115173"}],"curies":[{"name":"wp","href":"https:\/\/api.w.org\/{rel}","templated":true}]}}