{"id":115177,"date":"2021-04-19T08:32:48","date_gmt":"2021-04-19T12:32:48","guid":{"rendered":"https:\/\/linitiative.ca\/International\/commerce-exterieur-aggravation-du-deficit-commercial-au-premier-trimestre\/"},"modified":"2021-04-19T08:32:48","modified_gmt":"2021-04-19T12:32:48","slug":"commerce-exterieur-aggravation-du-deficit-commercial-au-premier-trimestre","status":"publish","type":"post","link":"https:\/\/linitiative.ca\/International\/commerce-exterieur-aggravation-du-deficit-commercial-au-premier-trimestre\/","title":{"rendered":"Commerce ext\u00e9rieur : aggravation du d\u00e9ficit commercial au premier trimestre"},"content":{"rendered":"<div class=\"td-post-content\">\n<h2>chiffres du commerce ext\u00e9rieur (aux prix courants) corrig\u00e9s des<\/h2>\n<h2>variations saisonni\u00e8res et des effets calendaires.<\/h2>\n<p>Selon l\u2019INS, ce traitement permet d\u2019avoir une lecture plus fid\u00e8le de la conjoncture en suivant l\u2019\u00e9volution par rapport au mois ou au trimestre pr\u00e9c\u00e9dent. En effet, toutes les donn\u00e9es sont donc corrig\u00e9es des effets de la saisonnalit\u00e9, des jours ouvrables et ceux dus aux \u00e9v\u00e9nements particuliers du calendrier qu\u2019ils soient fixes, telles que les f\u00eates nationales, ou mobiles, tels que le ramadan ou les f\u00eates religieuses.<\/p>\n<p>Sur l\u2019ensemble du premier trimestre, le d\u00e9ficit commercial s\u2019est aggrav\u00e9 pour s\u2019\u00e9tablir \u00e0 un niveau de 3651,4 MD, d\u00e9crochant par rapport \u00e0 sa moyenne trimestrielle de 2863,9 MD autour de laquelle il s\u2019\u00e9tait \u00e9tabli durant les trois trimestres pr\u00e9c\u00e9dents. Le taux de couverture a perdu 4,8 points pour s\u2019\u00e9tablir \u00e0 (74,8%) contre (79,6%) durant le quatri\u00e8me trimestre de l\u2019ann\u00e9e 2020.<\/p>\n<p>Pour le mois de mars, le d\u00e9ficit commercial mensuel s\u2019est r\u00e9duit de 363,1 MD pour s\u2019\u00e9tablir \u00e0 1058,7 MD contre 1421,8 MD en f\u00e9vrier 2021. Le taux de couverture en mars 2021 a gagn\u00e9 8,6 points par rapport \u00e0 f\u00e9vrier 2021 pour s\u2019\u00e9tablir \u00e0 (+79,1%).<\/p>\n<h2>Acc\u00e9l\u00e9ration r\u00e9cente des \u00e9changes<\/h2>\n<p>En mars 2021, les exportations ont augment\u00e9 de (+17,6%) sur un mois pour se chiffrer \u00e0 3996,1 MD d\u00e9passant pour la premi\u00e8re fois leur niveau de f\u00e9vrier 2020, dernier mois de r\u00e9f\u00e9rence avant l\u2019instauration des restrictions sanitaires. De leur c\u00f4t\u00e9, les importations ont augment\u00e9 de (+4,9%) pour se situer \u00e0 5054,8 MD s\u2019approchant de leur niveau observ\u00e9 avant le d\u00e9but\u00a0<a href=\"http:\/\/www.leconomistemaghrebin.com\/2021\/04\/19\/covid-19-66-deces-supplementaires-1514-nouvelles-contaminations\/\" target=\"_blank\" rel=\"noopener noreferrer\">l\u2019\u00e9pid\u00e9mie COVID-19<\/a>.<\/p>\n<p>Au premier trimestre de l\u2019ann\u00e9e 2021, les exportations ont augment\u00e9 de 2,4% par rapport au quatri\u00e8me trimestre de l\u2019ann\u00e9e 2020. Elles ont atteint le niveau de 10818,4 MD. Et ce contre 10564,8 MD au trimestre pr\u00e9c\u00e9dent. De m\u00eame, les importations ont enregistr\u00e9 une hausse de (+9,0%) par rapport au quatri\u00e8me trimestre de l\u2019ann\u00e9e 2020. En valeur, les importations ont atteint 14469,8 MD contre 13280,3 MD au trimestre pr\u00e9c\u00e9dent.<\/p>\n<h2>Rebond des \u00e9changes avec les principaux partenaires de l\u2019union europ\u00e9enne<\/h2>\n<p>La r\u00e9partition g\u00e9ographique par pays d\u00e9note une augmentation sensible des ventes vers certains partenaires, essentiellement l\u2019Italie, la France, l\u2019Allemagne et la Libye.<\/p>\n<p>De m\u00eame, une hausse importante est observ\u00e9e au niveau des importations. Cette augmentation s\u2019explique essentiellement par l\u2019accroissement des achats chez les principaux partenaires, tels que l\u2019Allemagne, la Chine et l\u2019Italie.<\/p>\n<h2>Nette augmentation des achats en mati\u00e8res premi\u00e8res<\/h2>\n<p>Selon l\u2019INS, la hausse des importations de (+4,9%) provient essentiellement de l\u2019augmentation des approvisionnements en mati\u00e8res premi\u00e8res et demi produits, des biens d\u2019\u00e9quipement et des biens de consommations.<\/p>\n<h2>Forte contribution positive des IME \u00e0 l\u2019export<\/h2>\n<p>La hausse enregistr\u00e9e au niveau des exportations (+17,6%) est expliqu\u00e9e essentiellement par l\u2019augmentation remarquable observ\u00e9e dans les secteurs des industries m\u00e9caniques et \u00e9lectriques (+15,1%), ainsi que l\u2019\u00e9nergie (+358,3%) et les mines, phosphates et d\u00e9riv\u00e9s (+69,1%).<\/p>\n<p><em>E.M<\/em><\/p>\n<\/div>\n<footer>\n<\/footer>\n<div class=\"wp-post-author-wrap wp-post-author-shortcode left\">\n<h3 class=\"awpa-title\"\/>\n<div class=\"wp-post-author\">\n<div class=\"awpa-img awpa-author-block square\"><a href=\"http:\/\/lexpertjournal.net\/fr\/?author=5\"><img loading=\"lazy\" decoding=\"async\" alt=\"\" src=\"http:\/\/0.gravatar.com\/avatar\/97f8e10a1c1125ba104a76514ee07b16?s=150&amp;d=mm&amp;r=g\" srcset=\"http:\/\/0.gravatar.com\/avatar\/97f8e10a1c1125ba104a76514ee07b16?s=300&amp;d=mm&amp;r=g 2x\" class=\"avatar avatar-150 photo\" height=\"150\" width=\"150\"\/><\/a><\/div>\n<\/div>\n<\/div>\n<aside class=\"mashsb-container mashsb-main mashsb-stretched\">\n<\/aside>\n<p>Auteur: L&rsquo;expert<br \/>\n<a href=\"http:\/\/lexpertjournal.net\/fr\/?p=19713\">Cliquez ici pour lire l&rsquo;article depuis sa source.<\/a><\/p>\n","protected":false},"excerpt":{"rendered":"<p>chiffres du commerce ext\u00e9rieur (aux prix courants) corrig\u00e9s des variations saisonni\u00e8res et des effets calendaires. Selon l\u2019INS, ce traitement permet d\u2019avoir une lecture plus fid\u00e8le de la conjoncture en suivant l\u2019\u00e9volution par rapport au mois ou au trimestre pr\u00e9c\u00e9dent. En effet, toutes les donn\u00e9es sont donc corrig\u00e9es des effets de la saisonnalit\u00e9, des jours ouvrables [&hellip;]<\/p>\n","protected":false},"author":1775,"featured_media":0,"comment_status":"closed","ping_status":"closed","sticky":false,"template":"","format":"standard","meta":{"fifu_image_url":"http:\/\/0.gravatar.com\/avatar\/97f8e10a1c1125ba104a76514ee07b16?s=150&d=mm&r=g","fifu_image_alt":"Commerce ext\u00e9rieur : aggravation du d\u00e9ficit commercial au premier trimestre","footnotes":""},"categories":[78,55],"tags":[],"class_list":["post-115177","post","type-post","status-publish","format-standard","hentry","category-economie","category-tunisie"],"_links":{"self":[{"href":"https:\/\/linitiative.ca\/International\/wp-json\/wp\/v2\/posts\/115177","targetHints":{"allow":["GET"]}}],"collection":[{"href":"https:\/\/linitiative.ca\/International\/wp-json\/wp\/v2\/posts"}],"about":[{"href":"https:\/\/linitiative.ca\/International\/wp-json\/wp\/v2\/types\/post"}],"author":[{"embeddable":true,"href":"https:\/\/linitiative.ca\/International\/wp-json\/wp\/v2\/users\/1775"}],"replies":[{"embeddable":true,"href":"https:\/\/linitiative.ca\/International\/wp-json\/wp\/v2\/comments?post=115177"}],"version-history":[{"count":0,"href":"https:\/\/linitiative.ca\/International\/wp-json\/wp\/v2\/posts\/115177\/revisions"}],"wp:attachment":[{"href":"https:\/\/linitiative.ca\/International\/wp-json\/wp\/v2\/media?parent=115177"}],"wp:term":[{"taxonomy":"category","embeddable":true,"href":"https:\/\/linitiative.ca\/International\/wp-json\/wp\/v2\/categories?post=115177"},{"taxonomy":"post_tag","embeddable":true,"href":"https:\/\/linitiative.ca\/International\/wp-json\/wp\/v2\/tags?post=115177"}],"curies":[{"name":"wp","href":"https:\/\/api.w.org\/{rel}","templated":true}]}}