{"id":115178,"date":"2021-04-19T05:30:00","date_gmt":"2021-04-19T09:30:00","guid":{"rendered":"https:\/\/linitiative.ca\/International\/la-liste-de-baadji-a-djelfa-contestee-par-la-base\/"},"modified":"2021-04-19T05:30:00","modified_gmt":"2021-04-19T09:30:00","slug":"la-liste-de-baadji-a-djelfa-contestee-par-la-base","status":"publish","type":"post","link":"https:\/\/linitiative.ca\/International\/la-liste-de-baadji-a-djelfa-contestee-par-la-base\/","title":{"rendered":"La liste de Ba\u00e2dji \u00e0 Djelfa contest\u00e9e par la base"},"content":{"rendered":"<div id=\"originalText\" readability=\"51\">\n<p>La liste de candidatures du parti du Front de lib\u00e9ration nationale (FLN) dans la wilaya de Djelfa pour les prochaines \u00e9lections l\u00e9gislatives n\u2019a visiblement pas \u00e9t\u00e9 du go\u00fbt de la base.<\/p>\n<p>Celle-ci d\u00e9nonce, via les r\u00e9seaux sociaux, la liste valid\u00e9e par le secr\u00e9taire g\u00e9n\u00e9ral du parti qui, selon eux, sonne le retour des anciennes pratiques de cooptation des candidats.<\/p>\n<p>Et pour cause, le choix du neveu du cheikh de la zaou\u00efa locale, qui avait accueilli et honor\u00e9 l\u2019ancien ministre de l\u2019\u00c9nergie Chakib Khelil, pour conduire ladite liste.<\/p>\n<p>Nos sources ajoutent que des noms d\u2019anciens maires, poursuivis en justice dans des affaires li\u00e9es \u00e0 la mauvaise gestion, seraient inclus dans la liste approuv\u00e9e par Abou El-Fadhl Ba\u00e2dji.<\/p>\n<\/div>\n<div id=\"text_core\" readability=\"51\">\n<p>La liste de candidatures du parti du Front de lib\u00e9ration nationale (FLN) dans la wilaya de Djelfa pour les prochaines \u00e9lections l\u00e9gislatives n\u2019a visiblement pas \u00e9t\u00e9 du go\u00fbt de la base.<\/p>\n<p>Celle-ci d\u00e9nonce, via les r\u00e9seaux sociaux, la liste valid\u00e9e par le secr\u00e9taire g\u00e9n\u00e9ral du parti qui, selon eux, sonne le retour des anciennes pratiques de cooptation des candidats.<\/p>\n<p>Et pour cause, le choix du neveu du cheikh de la zaou\u00efa locale, qui avait accueilli et honor\u00e9 l\u2019ancien ministre de l\u2019\u00c9nergie Chakib Khelil, pour conduire ladite liste.<\/p>\n<p>Nos sources ajoutent que des noms d\u2019anciens maires, poursuivis en justice dans des affaires li\u00e9es \u00e0 la mauvaise gestion, seraient inclus dans la liste approuv\u00e9e par Abou El-Fadhl Ba\u00e2dji.<\/p>\n<\/div>\n<p>Auteur:<br \/>\n<a href=\"https:\/\/www.liberte-algerie.com\/radar\/la-liste-de-baadji-a-djelfa-contestee-par-la-base-357428\">Cliquez ici pour lire l&rsquo;article depuis sa source.<\/a><\/p>\n","protected":false},"excerpt":{"rendered":"<p>La liste de candidatures du parti du Front de lib\u00e9ration nationale (FLN) dans la wilaya de Djelfa pour les prochaines \u00e9lections l\u00e9gislatives n\u2019a visiblement pas \u00e9t\u00e9 du go\u00fbt de la base. Celle-ci d\u00e9nonce, via les r\u00e9seaux sociaux, la liste valid\u00e9e par le secr\u00e9taire g\u00e9n\u00e9ral du parti qui, selon eux, sonne le retour des anciennes pratiques [&hellip;]<\/p>\n","protected":false},"author":1742,"featured_media":0,"comment_status":"closed","ping_status":"closed","sticky":false,"template":"","format":"standard","meta":{"fifu_image_url":"","fifu_image_alt":"","footnotes":""},"categories":[73,53],"tags":[],"class_list":["post-115178","post","type-post","status-publish","format-standard","hentry","category-actualite","category-algerie"],"_links":{"self":[{"href":"https:\/\/linitiative.ca\/International\/wp-json\/wp\/v2\/posts\/115178","targetHints":{"allow":["GET"]}}],"collection":[{"href":"https:\/\/linitiative.ca\/International\/wp-json\/wp\/v2\/posts"}],"about":[{"href":"https:\/\/linitiative.ca\/International\/wp-json\/wp\/v2\/types\/post"}],"author":[{"embeddable":true,"href":"https:\/\/linitiative.ca\/International\/wp-json\/wp\/v2\/users\/1742"}],"replies":[{"embeddable":true,"href":"https:\/\/linitiative.ca\/International\/wp-json\/wp\/v2\/comments?post=115178"}],"version-history":[{"count":0,"href":"https:\/\/linitiative.ca\/International\/wp-json\/wp\/v2\/posts\/115178\/revisions"}],"wp:attachment":[{"href":"https:\/\/linitiative.ca\/International\/wp-json\/wp\/v2\/media?parent=115178"}],"wp:term":[{"taxonomy":"category","embeddable":true,"href":"https:\/\/linitiative.ca\/International\/wp-json\/wp\/v2\/categories?post=115178"},{"taxonomy":"post_tag","embeddable":true,"href":"https:\/\/linitiative.ca\/International\/wp-json\/wp\/v2\/tags?post=115178"}],"curies":[{"name":"wp","href":"https:\/\/api.w.org\/{rel}","templated":true}]}}